{"id":2236,"date":"2023-09-18T05:39:39","date_gmt":"2023-09-18T05:39:39","guid":{"rendered":"https:\/\/ekorural4stem.eu\/?p=2236"},"modified":"2023-09-18T05:44:23","modified_gmt":"2023-09-18T05:44:23","slug":"o-sumi-u-sumi-za-sumu","status":"publish","type":"post","link":"https:\/\/ekorural4stem.eu\/en\/o-sumi-u-sumi-za-sumu\/","title":{"rendered":"About the forest, in the forest, for the forest"},"content":{"rendered":"<div data-elementor-type=\"wp-post\" data-elementor-id=\"2236\" class=\"elementor elementor-2236\">\n\t\t\t\t\t\t\t\t\t<section class=\"elementor-section elementor-top-section elementor-element elementor-element-645347b elementor-section-full_width elementor-section-stretched elementor-section-height-default elementor-section-height-default wpr-particle-no wpr-jarallax-no wpr-parallax-no wpr-sticky-section-no\" data-id=\"645347b\" data-element_type=\"section\" data-settings=\"{&quot;stretch_section&quot;:&quot;section-stretched&quot;}\">\n\t\t\t\t\t\t<div class=\"elementor-container elementor-column-gap-no\">\n\t\t\t\t\t<div class=\"elementor-column elementor-col-100 elementor-top-column elementor-element elementor-element-0cfd90c\" data-id=\"0cfd90c\" data-element_type=\"column\">\n\t\t\t<div class=\"elementor-widget-wrap elementor-element-populated\">\n\t\t\t\t\t\t\t\t<div class=\"elementor-element elementor-element-81a8b5d elementor-widget elementor-widget-prime-slider-general\" data-id=\"81a8b5d\" data-element_type=\"widget\" data-widget_type=\"prime-slider-general.default\">\n\t\t\t\t<div class=\"elementor-widget-container\">\n\t\t\t\t\t<div class=\"bdt-prime-slider\">\n\t\t\t<div class=\"bdt-prime-slider-skin-general\">\n\t\t\t\t<div class=\"bdt-position-relative bdt-visible-toggle\" bdt-slideshow=\"{&quot;animation&quot;:&quot;fade&quot;,&quot;ratio&quot;:&quot;16:9&quot;,&quot;min-height&quot;:480,&quot;autoplay&quot;:true,&quot;autoplay-interval&quot;:7000,&quot;pause-on-hover&quot;:false,&quot;draggable&quot;:true,&quot;velocity&quot;:1,&quot;finite&quot;:false}\" data-settings=\"{&quot;id&quot;:&quot;#bdt-81a8b5d&quot;,&quot;animation_status&quot;:&quot;no&quot;}\" id=\"bdt-81a8b5d\">\n\t\t\t\t\t<ul class=\"bdt-slideshow-items\">\n\t\t\t\t\t\n\t\t\t<li class=\"bdt-slideshow-item bdt-flex bdt-flex-middle bdt-flex-center elementor-repeater-item-5d21422\">\n\t\t\t\t\t\t\t\t\t<div class=\"bdt-position-cover bdt-animation-kenburns bdt-transform-origin-center-left\">\n\t\t\t\t\t\n\t\t\t\t\t\t\t\t\t\t\t\n\t\t<div class=\"bdt-ps-slide-img\" style=\"background-image: url('https:\/\/ekorural4stem.eu\/wp-content\/uploads\/2023\/09\/image001.jpg')\"><\/div>\n\n\t\t\t\t\t\t\n\t\t\t\t\t\t\t\t\t\t<\/div>\n\t\t\t\t\n\t\t\t\t\n\t\t\t\t\t\t<div class=\"bdt-position-z-index bdt-position-large\">\n\t\t\t<div class=\"bdt-prime-slider-wrapper\">\n\t\t\t\t<div class=\"bdt-prime-slider-content\">\n\t\t\t\t\t<div class=\"bdt-prime-slider-desc\">\n\n\t\t\t\t\t\t\t\t\t\t\t\t\t<div class=\"bdt-sub-title\">\n\t\t\t\t\t\t\t\t<h4 data-reveal=\"reveal-active\" class=\"bdt-ps-sub-title\" data-bdt-slideshow-parallax=\"x: 50,0,-10; opacity: 1,1,0\">\n\t\t\t\t\t\t\t\t\tNational Park Risnjak\t\t\t\t\t\t\t\t<\/h4>\n\t\t\t\t\t\t\t<\/div>\n\t\t\t\t\t\t\n\t\t\t\t\t\t\t\t\t\t\t\t\t<div data-reveal=\"reveal-active\" class=\"bdt-main-title\" data-bdt-slideshow-parallax=\"x: 100,0,-20; opacity: 1,1,0\">\n\t\t\t\t\t\t\t\t<h1 class=\"bdt-title-tag\">\n\t\t\t\t\t\t\t\t\t\t\t\t\t\t\t\t\t\t\tAbout the forest, in the forest, for the forest\t\t\t\t\t\t\t\t\t\t\t\t\t\t\t\t\t\t<\/h1>\n\t\t\t\t\t\t\t<\/div>\n\t\t\t\t\t\t\n\t\t\t\t\t\t\n\t\t\t\t\t\t<div data-bdt-slideshow-parallax=\"x: 150,0,-30; opacity: 1,1,0\">\n\t\t\t\t\t\t\t<div class=\"bdt-btn-wrapper\">\n\t\t\t\t\t\t\t\t\n\t\t\t\t\t\t\t\t\t<\/div>\n\t\t\t\t\t\t<\/div>\n\t\t\t\t\t<\/div>\n\n\t\t\t\t\t\n\t\t\t\t<\/div>\n\t\t\t<\/div>\n\t\t<\/div>\n\t\t\t\t\t<\/li>\n\n\n\t\t\t\t\t<\/ul>\n\t\t\t\t\t\n\t\t\n\t\t\t\t\t\t\n\t\t\n\t\t\t\t\t<\/div>\n\t\t\t\t\t\t\t\t\t\t\t<\/div>\n\t\t<\/div>\n\t\t\t<\/div>\n\t\t\t\t<\/div>\n\t\t\t\t\t<\/div>\n\t\t<\/div>\n\t\t\t\t\t\t\t<\/div>\n\t\t<\/section>\n\t\t\t\t<section class=\"elementor-section elementor-top-section elementor-element elementor-element-cbad4b4 elementor-section-full_width elementor-section-stretched elementor-section-height-default elementor-section-height-default wpr-particle-no wpr-jarallax-no wpr-parallax-no wpr-sticky-section-no\" data-id=\"cbad4b4\" data-element_type=\"section\" data-settings=\"{&quot;stretch_section&quot;:&quot;section-stretched&quot;,&quot;background_background&quot;:&quot;classic&quot;}\">\n\t\t\t\t\t\t<div class=\"elementor-container elementor-column-gap-no\">\n\t\t\t\t\t<div class=\"elementor-column elementor-col-100 elementor-top-column elementor-element elementor-element-c3b670d\" data-id=\"c3b670d\" data-element_type=\"column\">\n\t\t\t<div class=\"elementor-widget-wrap elementor-element-populated\">\n\t\t\t\t\t\t\t\t<div class=\"elementor-element elementor-element-a7f5b40 elementor-widget elementor-widget-eael-content-ticker\" data-id=\"a7f5b40\" data-element_type=\"widget\" data-widget_type=\"eael-content-ticker.default\">\n\t\t\t\t<div class=\"elementor-widget-container\">\n\t\t\t<div class=\"eael-ticker-wrap\" id=\"eael-ticker-wrap-a7f5b40\"><div class=\"ticker-badge\">\n                    <span>Trending<\/span>\n                <\/div><div class=\"swiper-container-wrap eael-ticker\">\n                <div class=\"swiper-container eael-content-ticker swiper-container-a7f5b40\" data-pagination=\".swiper-pagination-a7f5b40\" data-arrow-next=\".swiper-button-next-a7f5b40\" data-arrow-prev=\".swiper-button-prev-a7f5b40\" data-effect=\"slide\" data-speed=\"400\" data-autoplay=\"2000\" data-loop=\"1\" data-arrows=\"1\">\n                    <div class=\"swiper-wrapper\"><div class=\"swiper-slide\">\n        <div class=\"ticker-content\">\n            <a href=\"https:\/\/ekorural4stem.eu\/en\/odrzana-zavrsna-konferencija-projekta-jacanje-stem-vjestina-kroz-ekologiju-u-osnovnoj-skoli-zrinskih-nustar-eko-rural4stem\/\" class=\"ticker-content-link\">The closing conference of the project \u201cStrengthening STEM skills through ecology in the Elementary school Zrinskih Nu\u0161tar\u201d (EKO-RURAL4STEM) was held<\/a>\n        <\/div>\n    <\/div><div class=\"swiper-slide\">\n        <div class=\"ticker-content\">\n            <a href=\"https:\/\/ekorural4stem.eu\/en\/posjet-ucenika-sumarskom-muzeju\/\" class=\"ticker-content-link\">Visit to the Forestry Museum in Bo\u0161njaci and Wood-Technology Centre in Gradi\u0161te<\/a>\n        <\/div>\n    <\/div><div class=\"swiper-slide\">\n        <div class=\"ticker-content\">\n            <a href=\"https:\/\/ekorural4stem.eu\/en\/posjet-ucenika-poljoprivredno-poduzetnickom-inkubatoru-drenovci\/\" class=\"ticker-content-link\">School trip to Agricultural Entrepreneurial Incubator Drenovci<\/a>\n        <\/div>\n    <\/div><div class=\"swiper-slide\">\n        <div class=\"ticker-content\">\n            <a href=\"https:\/\/ekorural4stem.eu\/en\/odrzali-smo-radionicu-nastava-pomocu-3d-modela-za-nastavnike\/\" class=\"ticker-content-link\">Workshop \u201eTeaching with 3D models\u201c was held for our teachers!<\/a>\n        <\/div>\n    <\/div><\/div>\n\t\t\t\t<\/div>\n\t\t\t\t<div class=\"content-ticker-pagination\"><div class=\"swiper-button-next swiper-button-next-a7f5b40\"><i class=\"fas fa-angle-right\"><\/i><\/div><div class=\"swiper-button-prev swiper-button-prev-a7f5b40\"><i class=\"fas fa-angle-left\"><\/i><\/div><\/div>\n\t\t\t<\/div>\n\t\t<\/div>\t\t<\/div>\n\t\t\t\t<\/div>\n\t\t\t\t<div class=\"elementor-element elementor-element-308fb75 section-title-style-default meta-visibility-show title_position_default title_hover_border_default title-default img_hover_animation_default meta_position_default tpg-category-position-default readmore-btn-default-style grid-hover-overlay-type-always grid-hover-overlay-height-default hover-overlay-height-default tpg-border-bottom-disable elementor-widget elementor-widget-tpg-grid-hover-layout\" data-id=\"308fb75\" data-element_type=\"widget\" data-widget_type=\"tpg-grid-hover-layout.default\">\n\t\t\t\t<div class=\"elementor-widget-container\">\n\t\t\t\r\n        <div class=\"rt-container-fluid rt-tpg-container tpg-el-main-wrapper grid_hover-layout1-main\"\r\n             id=\"rt-tpg-container-3703093611\"\r\n             data-layout=\"grid_hover-layout1\"\r\n             data-sc-id=\"elementor\"\r\n             data-el-settings=''\r\n             data-el-query=''\r\n             data-el-path=''\r\n        >\r\n\t\t\t<div class='tpg-header-wrapper'>\r\n        <div class=\"tpg-widget-heading-wrapper rt-clear heading-default\">\r\n            <span class=\"tpg-widget-heading-line line-left\"><\/span>\r\n\r\n\t\t\t<h2 class='tpg-widget-heading'>\r\n\t\t\t\r\n\t\t\t\t                    <span>\r\n                                            <\/span>\r\n\t\t\t\t\t\r\n\t\t\t\t\t\t\t<\/h2>            <span class=\"tpg-widget-heading-line line-right\"><\/span>\r\n\r\n\t\t\t\r\n        <\/div>\r\n\r\n\t\t\r\n\t\t<\/div>\r\n            <div data-title=\"Loading ...\"\r\n                 class=\"rt-row rt-content-loader grid_hover-layout1 tpg-even grid-behaviour grid_hover_layout_wrapper\">\r\n\t\t\t\t\r\n<div class=\"rt-col-md-4 rt-col-sm-6 rt-col-xs-12 default rt-grid-hover-item rt-grid-item\" data-id=\"2431\">\r\n\t<div class=\"rt-holder tpg-post-holder\">\r\n\t\t<div class=\"rt-detail rt-el-content-wrapper\">\r\n\t\t\t\t\t\t\t<div class=\"rt-img-holder tpg-el-image-wrap has-thumbnail\">\r\n\t\t\t\t\t<a data-id=\"2431\" href=\"https:\/\/ekorural4stem.eu\/en\/odrzana-zavrsna-konferencija-projekta-jacanje-stem-vjestina-kroz-ekologiju-u-osnovnoj-skoli-zrinskih-nustar-eko-rural4stem\/\" class=\"tpg-post-link\" target=\"_self\">                        <img loading=\"lazy\" decoding=\"async\" src=\"https:\/\/ekorural4stem.eu\/wp-content\/uploads\/2024\/04\/Naslovna_DSC_0058-768x515.jpg\"\r\n                             class=\"rt-img-responsive\"\r\n                             width=\"768\"\r\n                             height=\"515\"\r\n                             alt=\"Odr\u017eana zavr\u0161na konferencija projekta Ja\u010danje STEM vje\u0161tina kroz ekologiju u Osnovnoj \u0161koli Zrinskih Nu\u0161tar (EKO-RURAL4STEM)\">\r\n\t\t\t\t\t\t\r\n\t\t\t\t\t\t\t\r\n\t\t<\/a>\r\n\t\t        <div class=\"overlay grid-hover-content\"><\/div>\r\n\t\t\t\t\t\t<\/div>\r\n\t\t\t\r\n\t\t\t<div class=\"grid-hover-content\">\r\n\t\t\t\t<div class=\"entry-title-wrapper\"><h3 class=\"entry-title\"><a data-id=\"2431\" href=\"https:\/\/ekorural4stem.eu\/en\/odrzana-zavrsna-konferencija-projekta-jacanje-stem-vjestina-kroz-ekologiju-u-osnovnoj-skoli-zrinskih-nustar-eko-rural4stem\/\" class=\"tpg-post-link\" target=\"_self\">The closing conference of the project \u201cStrengthening STEM skills through ecology in the Elementary school Zrinskih Nu\u0161tar\u201d (EKO-RURAL4STEM) was held<\/a><\/h3><\/div>\r\n\t\t\t\t\t\t\t\t\t<div class=\"post-meta-tags rt-el-post-meta\">\r\n\t\t\t\t\t\t            <span class='date'>\r\n\r\n\t\t\t\t<i class='flaticon-tpg-calendar'><\/i>\t\t\t\t<a href=\"https:\/\/ekorural4stem.eu\/en\/2024\/04\/19\/\">\r\n\t\t\t\t\tApril 19, 2024\t\t\t\t<\/a>\r\n\t\t\t<\/span>\r\n\t\t\t            <span class='categories-links'>\r\n\t\t\t\t<i class='flaticon-tpg-folder'><\/i><a class=\"vijesti\" href=\"https:\/\/ekorural4stem.eu\/en\/category\/vijesti\/\">NEWS<\/a>\r\n\t\t\t<\/span>\r\n\t\t\t\t\t\t\t\t<\/div>\r\n\t\t\t\t\r\n\t\t\t\t\t\t\t\t\t<div class=\"tpg-excerpt tpg-el-excerpt\">\r\n\t\t\t\t\t\t\t\t\t\t\t\t\t<div class=\"tpg-excerpt-inner\">\r\n\t\t\t\t\t\t\t\tThe closing conference of the project \u201cStrengthening STEM skills through ecology in the Elementary school Zrinskih Nu\u0161tar\u201d was held\t\t\t\t\t\t\t<\/div>\r\n\t\t\t\t\t\t\t\t\t\t\t\t\t\t\t\t\t<\/div>\r\n\t\t\t\t\r\n\t\t\t\t        <div class=\"post-footer\">\r\n            <div class=\"post-footer\">\r\n                <div class=\"read-more\">\r\n\t\t\t\t\t<a data-id=\"2431\" href=\"https:\/\/ekorural4stem.eu\/en\/odrzana-zavrsna-konferencija-projekta-jacanje-stem-vjestina-kroz-ekologiju-u-osnovnoj-skoli-zrinskih-nustar-eko-rural4stem\/\" class=\"tpg-post-link\" target=\"_self\">Read more<\/a>                <\/div>\r\n            <\/div>\r\n        <\/div>\r\n\t\t\t\t\t<\/div>\r\n\t\t<\/div>\r\n\t<\/div>\r\n<\/div>\r\n\r\n<div class=\"rt-col-md-4 rt-col-sm-6 rt-col-xs-12 default rt-grid-hover-item rt-grid-item\" data-id=\"2413\">\r\n\t<div class=\"rt-holder tpg-post-holder\">\r\n\t\t<div class=\"rt-detail rt-el-content-wrapper\">\r\n\t\t\t\t\t\t\t<div class=\"rt-img-holder tpg-el-image-wrap has-thumbnail\">\r\n\t\t\t\t\t<a data-id=\"2413\" href=\"https:\/\/ekorural4stem.eu\/en\/posjet-ucenika-sumarskom-muzeju\/\" class=\"tpg-post-link\" target=\"_self\">                        <img loading=\"lazy\" decoding=\"async\" src=\"https:\/\/ekorural4stem.eu\/wp-content\/uploads\/2024\/03\/naslovna-min-1-768x576.jpg\"\r\n                             class=\"rt-img-responsive\"\r\n                             width=\"768\"\r\n                             height=\"576\"\r\n                             alt=\"Posjet u\u010denika \u0160umarskom muzeju u Bo\u0161njacima i Drvno-tehnolo\u0161kom centru u Gradi\u0161tu\">\r\n\t\t\t\t\t\t\r\n\t\t\t\t\t\t\t\r\n\t\t<\/a>\r\n\t\t        <div class=\"overlay grid-hover-content\"><\/div>\r\n\t\t\t\t\t\t<\/div>\r\n\t\t\t\r\n\t\t\t<div class=\"grid-hover-content\">\r\n\t\t\t\t<div class=\"entry-title-wrapper\"><h3 class=\"entry-title\"><a data-id=\"2413\" href=\"https:\/\/ekorural4stem.eu\/en\/posjet-ucenika-sumarskom-muzeju\/\" class=\"tpg-post-link\" target=\"_self\">Visit to the Forestry Museum in Bo\u0161njaci and Wood-Technology Centre in Gradi\u0161te<\/a><\/h3><\/div>\r\n\t\t\t\t\t\t\t\t\t<div class=\"post-meta-tags rt-el-post-meta\">\r\n\t\t\t\t\t\t            <span class='date'>\r\n\r\n\t\t\t\t<i class='flaticon-tpg-calendar'><\/i>\t\t\t\t<a href=\"https:\/\/ekorural4stem.eu\/en\/2024\/03\/18\/\">\r\n\t\t\t\t\tMarch 18, 2024\t\t\t\t<\/a>\r\n\t\t\t<\/span>\r\n\t\t\t            <span class='categories-links'>\r\n\t\t\t\t<i class='flaticon-tpg-folder'><\/i><a class=\"vijesti\" href=\"https:\/\/ekorural4stem.eu\/en\/category\/vijesti\/\">NEWS<\/a>\r\n\t\t\t<\/span>\r\n\t\t\t\t\t\t\t\t<\/div>\r\n\t\t\t\t\r\n\t\t\t\t\t\t\t\t\t<div class=\"tpg-excerpt tpg-el-excerpt\">\r\n\t\t\t\t\t\t\t\t\t\t\t\t\t<div class=\"tpg-excerpt-inner\">\r\n\t\t\t\t\t\t\t\tVisit to the Forestry Museum in Bo\u0161njaci and Wood-Technology Centre in Gradi\u0161te\t\t\t\t\t\t\t<\/div>\r\n\t\t\t\t\t\t\t\t\t\t\t\t\t\t\t\t\t<\/div>\r\n\t\t\t\t\r\n\t\t\t\t        <div class=\"post-footer\">\r\n            <div class=\"post-footer\">\r\n                <div class=\"read-more\">\r\n\t\t\t\t\t<a data-id=\"2413\" href=\"https:\/\/ekorural4stem.eu\/en\/posjet-ucenika-sumarskom-muzeju\/\" class=\"tpg-post-link\" target=\"_self\">Read more<\/a>                <\/div>\r\n            <\/div>\r\n        <\/div>\r\n\t\t\t\t\t<\/div>\r\n\t\t<\/div>\r\n\t<\/div>\r\n<\/div>\r\n\r\n<div class=\"rt-col-md-4 rt-col-sm-6 rt-col-xs-12 default rt-grid-hover-item rt-grid-item\" data-id=\"2398\">\r\n\t<div class=\"rt-holder tpg-post-holder\">\r\n\t\t<div class=\"rt-detail rt-el-content-wrapper\">\r\n\t\t\t\t\t\t\t<div class=\"rt-img-holder tpg-el-image-wrap has-thumbnail\">\r\n\t\t\t\t\t<a data-id=\"2398\" href=\"https:\/\/ekorural4stem.eu\/en\/posjet-ucenika-poljoprivredno-poduzetnickom-inkubatoru-drenovci\/\" class=\"tpg-post-link\" target=\"_self\">                        <img loading=\"lazy\" decoding=\"async\" src=\"https:\/\/ekorural4stem.eu\/wp-content\/uploads\/2024\/03\/naslovna-min-768x576.jpg\"\r\n                             class=\"rt-img-responsive\"\r\n                             width=\"768\"\r\n                             height=\"576\"\r\n                             alt=\"Posjet u\u010denika POLJOPRIVREDNO PODUZETNI\u010cKOM INKUBATORU DRENOVCI\">\r\n\t\t\t\t\t\t\r\n\t\t\t\t\t\t\t\r\n\t\t<\/a>\r\n\t\t        <div class=\"overlay grid-hover-content\"><\/div>\r\n\t\t\t\t\t\t<\/div>\r\n\t\t\t\r\n\t\t\t<div class=\"grid-hover-content\">\r\n\t\t\t\t<div class=\"entry-title-wrapper\"><h3 class=\"entry-title\"><a data-id=\"2398\" href=\"https:\/\/ekorural4stem.eu\/en\/posjet-ucenika-poljoprivredno-poduzetnickom-inkubatoru-drenovci\/\" class=\"tpg-post-link\" target=\"_self\">School trip to Agricultural Entrepreneurial Incubator Drenovci<\/a><\/h3><\/div>\r\n\t\t\t\t\t\t\t\t\t<div class=\"post-meta-tags rt-el-post-meta\">\r\n\t\t\t\t\t\t            <span class='date'>\r\n\r\n\t\t\t\t<i class='flaticon-tpg-calendar'><\/i>\t\t\t\t<a href=\"https:\/\/ekorural4stem.eu\/en\/2024\/03\/12\/\">\r\n\t\t\t\t\tMarch 12, 2024\t\t\t\t<\/a>\r\n\t\t\t<\/span>\r\n\t\t\t            <span class='categories-links'>\r\n\t\t\t\t<i class='flaticon-tpg-folder'><\/i><a class=\"vijesti\" href=\"https:\/\/ekorural4stem.eu\/en\/category\/vijesti\/\">NEWS<\/a>\r\n\t\t\t<\/span>\r\n\t\t\t\t\t\t\t\t<\/div>\r\n\t\t\t\t\r\n\t\t\t\t\t\t\t\t\t<div class=\"tpg-excerpt tpg-el-excerpt\">\r\n\t\t\t\t\t\t\t\t\t\t\t\t\t<div class=\"tpg-excerpt-inner\">\r\n\t\t\t\t\t\t\t\tOur 1st year pupils visited the 1st specialised entrepreneurial incubator in agriculture...\t\t\t\t\t\t\t<\/div>\r\n\t\t\t\t\t\t\t\t\t\t\t\t\t\t\t\t\t<\/div>\r\n\t\t\t\t\r\n\t\t\t\t        <div class=\"post-footer\">\r\n            <div class=\"post-footer\">\r\n                <div class=\"read-more\">\r\n\t\t\t\t\t<a data-id=\"2398\" href=\"https:\/\/ekorural4stem.eu\/en\/posjet-ucenika-poljoprivredno-poduzetnickom-inkubatoru-drenovci\/\" class=\"tpg-post-link\" target=\"_self\">Read more<\/a>                <\/div>\r\n            <\/div>\r\n        <\/div>\r\n\t\t\t\t\t<\/div>\r\n\t\t<\/div>\r\n\t<\/div>\r\n<\/div>\r\n            <\/div>\r\n\r\n\t\t\t        <\/div>\r\n\t\t\t\t<\/div>\n\t\t\t\t<\/div>\n\t\t\t\t\t<\/div>\n\t\t<\/div>\n\t\t\t\t\t\t\t<\/div>\n\t\t<\/section>\n\t\t\t\t<section class=\"elementor-section elementor-top-section elementor-element elementor-element-8c1f854 elementor-section-boxed elementor-section-height-default elementor-section-height-default wpr-particle-no wpr-jarallax-no wpr-parallax-no wpr-sticky-section-no\" data-id=\"8c1f854\" data-element_type=\"section\">\n\t\t\t\t\t\t<div class=\"elementor-container elementor-column-gap-default\">\n\t\t\t\t\t<div class=\"elementor-column elementor-col-100 elementor-top-column elementor-element elementor-element-696c1f5\" data-id=\"696c1f5\" data-element_type=\"column\">\n\t\t\t<div class=\"elementor-widget-wrap elementor-element-populated\">\n\t\t\t\t\t\t\t\t<div class=\"elementor-element elementor-element-c535742 elementor-widget elementor-widget-spacer\" data-id=\"c535742\" data-element_type=\"widget\" data-widget_type=\"spacer.default\">\n\t\t\t\t<div class=\"elementor-widget-container\">\n\t\t\t<style>\/*! elementor - v3.16.0 - 14-09-2023 *\/\n.elementor-column .elementor-spacer-inner{height:var(--spacer-size)}.e-con{--container-widget-width:100%}.e-con-inner>.elementor-widget-spacer,.e-con>.elementor-widget-spacer{width:var(--container-widget-width,var(--spacer-size));--align-self:var(--container-widget-align-self,initial);--flex-shrink:0}.e-con-inner>.elementor-widget-spacer>.elementor-widget-container,.e-con>.elementor-widget-spacer>.elementor-widget-container{height:100%;width:100%}.e-con-inner>.elementor-widget-spacer>.elementor-widget-container>.elementor-spacer,.e-con>.elementor-widget-spacer>.elementor-widget-container>.elementor-spacer{height:100%}.e-con-inner>.elementor-widget-spacer>.elementor-widget-container>.elementor-spacer>.elementor-spacer-inner,.e-con>.elementor-widget-spacer>.elementor-widget-container>.elementor-spacer>.elementor-spacer-inner{height:var(--container-widget-height,var(--spacer-size))}.e-con-inner>.elementor-widget-spacer.elementor-widget-empty,.e-con>.elementor-widget-spacer.elementor-widget-empty{position:relative;min-height:22px;min-width:22px}.e-con-inner>.elementor-widget-spacer.elementor-widget-empty .elementor-widget-empty-icon,.e-con>.elementor-widget-spacer.elementor-widget-empty .elementor-widget-empty-icon{position:absolute;top:0;bottom:0;left:0;right:0;margin:auto;padding:0;width:22px;height:22px}<\/style>\t\t<div class=\"elementor-spacer\">\n\t\t\t<div class=\"elementor-spacer-inner\"><\/div>\n\t\t<\/div>\n\t\t\t\t<\/div>\n\t\t\t\t<\/div>\n\t\t\t\t<div class=\"elementor-element elementor-element-320853c elementor-widget elementor-widget-text-editor\" data-id=\"320853c\" data-element_type=\"widget\" data-widget_type=\"text-editor.default\">\n\t\t\t\t<div class=\"elementor-widget-container\">\n\t\t\t<style>\/*! elementor - v3.16.0 - 14-09-2023 *\/\n.elementor-widget-text-editor.elementor-drop-cap-view-stacked .elementor-drop-cap{background-color:#69727d;color:#fff}.elementor-widget-text-editor.elementor-drop-cap-view-framed .elementor-drop-cap{color:#69727d;border:3px solid;background-color:transparent}.elementor-widget-text-editor:not(.elementor-drop-cap-view-default) .elementor-drop-cap{margin-top:8px}.elementor-widget-text-editor:not(.elementor-drop-cap-view-default) .elementor-drop-cap-letter{width:1em;height:1em}.elementor-widget-text-editor .elementor-drop-cap{float:left;text-align:center;line-height:1;font-size:50px}.elementor-widget-text-editor .elementor-drop-cap-letter{display:inline-block}<\/style>\t\t\t\t<p>As a part of the extracurricular activity \"About the forest, in the forest, for the forest\", we visited National Park Risnjak.<\/p><p>Students got to know the flora and fauna of the National Park Risnjak by walking along the Educational Trail Leska. They found out that brown bears, wolves and lynxes live in the forests, and the National Park got its name after the lynx. Risnjak is also home to more than 100 different species of birds. In addition to a lot of information they could hear from the guide, there are about twenty information boards with educational and interesting content along the trail. The students got to know different types of plants (trees, bushes and flowers), saw ponds, learned how to behave when meeting a bear and learned a few interesting facts about the life habits of bears.<\/p><p>The most interesting event was the encounter with a snake which, completely uninterested in visitors, crawled into a hole in a tree.<\/p>\t\t\t\t\t\t<\/div>\n\t\t\t\t<\/div>\n\t\t\t\t\t<\/div>\n\t\t<\/div>\n\t\t\t\t\t\t\t<\/div>\n\t\t<\/section>\n\t\t\t\t<section class=\"elementor-section elementor-top-section elementor-element elementor-element-1f6f854 elementor-section-full_width elementor-section-stretched elementor-section-height-default elementor-section-height-default wpr-particle-no wpr-jarallax-no wpr-parallax-no wpr-sticky-section-no\" data-id=\"1f6f854\" data-element_type=\"section\" data-settings=\"{&quot;stretch_section&quot;:&quot;section-stretched&quot;}\">\n\t\t\t\t\t\t<div class=\"elementor-container elementor-column-gap-no\">\n\t\t\t\t\t<div class=\"elementor-column elementor-col-100 elementor-top-column elementor-element elementor-element-4f332b2\" data-id=\"4f332b2\" data-element_type=\"column\">\n\t\t\t<div class=\"elementor-widget-wrap elementor-element-populated\">\n\t\t\t\t\t\t\t\t<div class=\"elementor-element elementor-element-a07988b elementor-widget elementor-widget-shortcode\" data-id=\"a07988b\" data-element_type=\"widget\" data-widget_type=\"shortcode.default\">\n\t\t\t\t<div class=\"elementor-widget-container\">\n\t\t\t\t\t<div class=\"elementor-shortcode\"><style>#jtg-2238 .modula-item .jtg-social a, .lightbox-socials.jtg-social a{ color: #ffffff }#jtg-2238 .modula-item .jtg-social svg, .lightbox-socials.jtg-social svg { height: 16px; width: 16px }#jtg-2238 .modula-item .jtg-social a:not(:last-child), .lightbox-socials.jtg-social a:not(:last-child) { margin-right: 10px }#jtg-2238 .modula-item .figc {color:#ffffff;}#jtg-2238 .modula-item .modula-item-content { transform: scale(1) }#jtg-2238 { width:100%;}#jtg-2238 .modula-items{height:800px;}@media screen and (max-width: 992px) {#jtg-2238 .modula-items{height:800px;}}@media screen and (max-width: 768px) {#jtg-2238 .modula-items{height:800px;}}#jtg-2238 .modula-items .figc p.description { font-size:14px; }#jtg-2238 .modula-items .figc p.description { color:#ffffff;}#jtg-2238.modula-gallery .modula-item > a, #jtg-2238.modula-gallery .modula-item, #jtg-2238.modula-gallery .modula-item-content > a:not(.modula-no-follow) { cursor:zoom-in; } #jtg-2238.modula-gallery .modula-item-content .modula-no-follow { cursor: default; } @media screen and (max-width:480px){#jtg-2238 .modula-item .figc .jtg-title {  font-size: 12px; }#jtg-2238 .modula-items .figc p.description { color:#ffffff;font-size:10px; }}<\/style>\n<!-- Gallery Container -->\n<div  id=\"jtg-2238\" class=\"modula modula-gallery modula-creative-gallery\" data-config=\"{&quot;height&quot;:800,&quot;tabletHeight&quot;:800,&quot;mobileHeight&quot;:800,&quot;desktopHeight&quot;:800,&quot;enableTwitter&quot;:false,&quot;enableWhatsapp&quot;:false,&quot;enableFacebook&quot;:false,&quot;enablePinterest&quot;:false,&quot;enableLinkedin&quot;:false,&quot;enableEmail&quot;:false,&quot;randomFactor&quot;:0.5,&quot;type&quot;:&quot;creative-gallery&quot;,&quot;columns&quot;:12,&quot;gutter&quot;:10,&quot;mobileGutter&quot;:10,&quot;tabletGutter&quot;:10,&quot;desktopGutter&quot;:10,&quot;enableResponsive&quot;:&quot;0&quot;,&quot;tabletColumns&quot;:&quot;2&quot;,&quot;mobileColumns&quot;:&quot;1&quot;,&quot;lazyLoad&quot;:&quot;1&quot;,&quot;lightboxOpts&quot;:{&quot;loop&quot;:false,&quot;arrows&quot;:true,&quot;toolbar&quot;:true,&quot;keyboard&quot;:true,&quot;wheel&quot;:false,&quot;buttons&quot;:[&quot;close&quot;],&quot;hash&quot;:false,&quot;lang&quot;:&quot;en&quot;,&quot;touch&quot;:false,&quot;protect&quot;:false,&quot;i18n&quot;:{&quot;en&quot;:{&quot;CLOSE&quot;:&quot;Close&quot;,&quot;NEXT&quot;:&quot;Next&quot;,&quot;PREV&quot;:&quot;Previous&quot;,&quot;Error&quot;:&quot;The requested content cannot be loaded. Please try again later.&quot;,&quot;PLAY_START&quot;:&quot;Start slideshow&quot;,&quot;PLAY_STOP&quot;:&quot;Pause slideshow&quot;,&quot;FULL_SCREEN&quot;:&quot;Full screen&quot;,&quot;THUMBS&quot;:&quot;Thumbnails&quot;,&quot;DOWNLOAD&quot;:&quot;Download&quot;,&quot;SHARE&quot;:&quot;Share&quot;,&quot;ZOOM&quot;:&quot;Zoom&quot;}},&quot;clickSlide&quot;:false,&quot;clickOutside&quot;:false,&quot;dblclickContent&quot;:false,&quot;dblclickSlide&quot;:false,&quot;dblclickOutside&quot;:false,&quot;clickContent&quot;:false,&quot;baseTpl&quot;:&quot;&lt;div class=\\&quot;modula-fancybox-container modula-lightbox-jtg-2238\\&quot; role=\\&quot;dialog\\&quot; tabindex=\\&quot;-1\\&quot;&gt;&lt;div class=\\&quot;modula-fancybox-bg\\&quot;&gt;&lt;\\\/div&gt;&lt;div class=\\&quot;modula-fancybox-inner\\&quot;&gt;&lt;div class=\\&quot;modula-fancybox-infobar\\&quot;&gt;&lt;span data-fancybox-index&gt;&lt;\\\/span&gt;&nbsp;\\\/&nbsp;&lt;span data-fancybox-count&gt;&lt;\\\/span&gt;&lt;\\\/div&gt;&lt;div class=\\&quot;modula-fancybox-toolbar\\&quot;&gt;{{buttons}}&lt;\\\/div&gt;&lt;div class=\\&quot;modula-fancybox-navigation\\&quot;&gt;{{arrows}}&lt;\\\/div&gt;&lt;div class=\\&quot;modula-fancybox-stage\\&quot;&gt;&lt;\\\/div&gt;&lt;div class=\\&quot;modula-fancybox-caption\\&quot;&gt;&lt;div class=\\&quot;modula-fancybox-caption__body\\&quot;&gt;&lt;\\\/div&gt;&lt;\\\/div&gt;&lt;\\\/div&gt;&lt;\\\/div&gt;&quot;},&quot;inView&quot;:false,&quot;email_subject&quot;:&quot;Check out this awesome image !!&quot;,&quot;email_message&quot;:&quot;Here is the link to the image : %%image_link%% and this is the link to the gallery : %%gallery_link%%&quot;,&quot;lightbox&quot;:&quot;fancybox&quot;}\">\n\n\t\n\t<!-- Items Container -->\n\t<div  class=\"modula-items\">\n\t\t<div class=\"modula-item effect-pufrobo\" >\n\t<div class=\"modula-item-overlay\"><\/div>\n\n\t<div class=\"modula-item-content\">\n\n\t\t\t\t\n\t\t\t\t\t<a data-image-id=\"2239\" data-elementor-open-lightbox=\"no\" rel=\"jtg-2238\" data-caption=\"\" aria-label=\"Open image in lightbox\" class=\"tile-inner modula-item-link\"><\/a>\n\t\t\n\t\t<img class=\"pic wp-image-2239 lazyload\"  data-valign=\"middle\" data-halign=\"center\" alt=\"\" data-full=\"https:\/\/ekorural4stem.eu\/wp-content\/uploads\/2023\/09\/image001.jpg\" title=\"image001\" width=\"873\" height=\"393\" data-src=\"https:\/\/ekorural4stem.eu\/wp-content\/uploads\/2023\/09\/image001.jpg\" data-caption=\"\" data-source=\"modula\"\/>\n\t\t<div class=\"figc no-description\">\n\t\t\t<div class=\"figc-inner\">\n\t\t\t\t\t\t\t\t\t\t\t\t\t\t\t<\/div>\n\t\t<\/div>\n\n\t<\/div>\n\n<\/div><div class=\"modula-item effect-pufrobo\" >\n\t<div class=\"modula-item-overlay\"><\/div>\n\n\t<div class=\"modula-item-content\">\n\n\t\t\t\t\n\t\t\t\t\t<a data-image-id=\"2240\" data-elementor-open-lightbox=\"no\" rel=\"jtg-2238\" data-caption=\"\" aria-label=\"Open image in lightbox\" class=\"tile-inner modula-item-link\"><\/a>\n\t\t\n\t\t<img class=\"pic wp-image-2240 lazyload\"  data-valign=\"middle\" data-halign=\"center\" alt=\"\" data-full=\"https:\/\/ekorural4stem.eu\/wp-content\/uploads\/2023\/09\/image002.jpg\" title=\"image002\" width=\"873\" height=\"393\" data-src=\"https:\/\/ekorural4stem.eu\/wp-content\/uploads\/2023\/09\/image002.jpg\" data-caption=\"\" data-source=\"modula\"\/>\n\t\t<div class=\"figc no-description\">\n\t\t\t<div class=\"figc-inner\">\n\t\t\t\t\t\t\t\t\t\t\t\t\t\t\t<\/div>\n\t\t<\/div>\n\n\t<\/div>\n\n<\/div><div class=\"modula-item effect-pufrobo\" >\n\t<div class=\"modula-item-overlay\"><\/div>\n\n\t<div class=\"modula-item-content\">\n\n\t\t\t\t\n\t\t\t\t\t<a data-image-id=\"2241\" data-elementor-open-lightbox=\"no\" rel=\"jtg-2238\" data-caption=\"\" aria-label=\"Open image in lightbox\" class=\"tile-inner modula-item-link\"><\/a>\n\t\t\n\t\t<img class=\"pic wp-image-2241 lazyload\"  data-valign=\"middle\" data-halign=\"center\" alt=\"\" data-full=\"https:\/\/ekorural4stem.eu\/wp-content\/uploads\/2023\/09\/image003.jpg\" title=\"image003\" width=\"873\" height=\"393\" data-src=\"https:\/\/ekorural4stem.eu\/wp-content\/uploads\/2023\/09\/image003.jpg\" data-caption=\"\" data-source=\"modula\"\/>\n\t\t<div class=\"figc no-description\">\n\t\t\t<div class=\"figc-inner\">\n\t\t\t\t\t\t\t\t\t\t\t\t\t\t\t<\/div>\n\t\t<\/div>\n\n\t<\/div>\n\n<\/div><div class=\"modula-item effect-pufrobo\" >\n\t<div class=\"modula-item-overlay\"><\/div>\n\n\t<div class=\"modula-item-content\">\n\n\t\t\t\t\n\t\t\t\t\t<a data-image-id=\"2242\" data-elementor-open-lightbox=\"no\" rel=\"jtg-2238\" data-caption=\"\" aria-label=\"Open image in lightbox\" class=\"tile-inner modula-item-link\"><\/a>\n\t\t\n\t\t<img class=\"pic wp-image-2242 lazyload\"  data-valign=\"middle\" data-halign=\"center\" alt=\"\" data-full=\"https:\/\/ekorural4stem.eu\/wp-content\/uploads\/2023\/09\/image004.jpg\" title=\"image004\" width=\"873\" height=\"393\" data-src=\"https:\/\/ekorural4stem.eu\/wp-content\/uploads\/2023\/09\/image004.jpg\" data-caption=\"\" data-source=\"modula\"\/>\n\t\t<div class=\"figc no-description\">\n\t\t\t<div class=\"figc-inner\">\n\t\t\t\t\t\t\t\t\t\t\t\t\t\t\t<\/div>\n\t\t<\/div>\n\n\t<\/div>\n\n<\/div><div class=\"modula-item effect-pufrobo\" >\n\t<div class=\"modula-item-overlay\"><\/div>\n\n\t<div class=\"modula-item-content\">\n\n\t\t\t\t\n\t\t\t\t\t<a data-image-id=\"2243\" data-elementor-open-lightbox=\"no\" rel=\"jtg-2238\" data-caption=\"\" aria-label=\"Open image in lightbox\" class=\"tile-inner modula-item-link\"><\/a>\n\t\t\n\t\t<img class=\"pic wp-image-2243 lazyload\"  data-valign=\"middle\" data-halign=\"center\" alt=\"\" data-full=\"https:\/\/ekorural4stem.eu\/wp-content\/uploads\/2023\/09\/image005.jpg\" title=\"image005\" width=\"873\" height=\"393\" data-src=\"https:\/\/ekorural4stem.eu\/wp-content\/uploads\/2023\/09\/image005.jpg\" data-caption=\"\" data-source=\"modula\"\/>\n\t\t<div class=\"figc no-description\">\n\t\t\t<div class=\"figc-inner\">\n\t\t\t\t\t\t\t\t\t\t\t\t\t\t\t<\/div>\n\t\t<\/div>\n\n\t<\/div>\n\n<\/div>\t\t\n\t<\/div>\n\n\t\n\t\n\t<script type=\"application\/ld+json\">\n\t{\n\t\t\"@context\": \"http:\/\/schema.org\",\n\t\t\"@type\"   : \"ImageGallery\",\n\t\t\"id\"      : \"https:\/\/ekorural4stem.eu\/en\/wp-json\/wp\/v2\/posts\/2236\",\n\t\t\"url\"     : \"https:\/\/ekorural4stem.eu\/en\/wp-json\/wp\/v2\/posts\/2236\"\n\t}\n\n    <\/script>\n\n\t\n<\/div><\/div>\n\t\t\t\t<\/div>\n\t\t\t\t<\/div>\n\t\t\t\t\t<\/div>\n\t\t<\/div>\n\t\t\t\t\t\t\t<\/div>\n\t\t<\/section>\n\t\t\t\t<section class=\"elementor-section elementor-top-section elementor-element elementor-element-27693d0 elementor-section-stretched elementor-section-boxed elementor-section-height-default elementor-section-height-default wpr-particle-no wpr-jarallax-no wpr-parallax-no wpr-sticky-section-no\" data-id=\"27693d0\" data-element_type=\"section\" data-settings=\"{&quot;stretch_section&quot;:&quot;section-stretched&quot;,&quot;background_background&quot;:&quot;classic&quot;}\">\n\t\t\t\t\t\t<div class=\"elementor-container elementor-column-gap-default\">\n\t\t\t\t\t<div class=\"elementor-column elementor-col-100 elementor-top-column elementor-element elementor-element-8cc3ef6\" data-id=\"8cc3ef6\" data-element_type=\"column\">\n\t\t\t<div class=\"elementor-widget-wrap elementor-element-populated\">\n\t\t\t\t\t\t\t\t<div class=\"elementor-element elementor-element-cc8be6a elementor-widget elementor-widget-spacer\" data-id=\"cc8be6a\" data-element_type=\"widget\" data-widget_type=\"spacer.default\">\n\t\t\t\t<div class=\"elementor-widget-container\">\n\t\t\t\t\t<div class=\"elementor-spacer\">\n\t\t\t<div class=\"elementor-spacer-inner\"><\/div>\n\t\t<\/div>\n\t\t\t\t<\/div>\n\t\t\t\t<\/div>\n\t\t\t\t<div class=\"elementor-element elementor-element-a70f7f3 elementor-widget elementor-widget-heading\" data-id=\"a70f7f3\" data-element_type=\"widget\" data-widget_type=\"heading.default\">\n\t\t\t\t<div class=\"elementor-widget-container\">\n\t\t\t<style>\/*! elementor - v3.16.0 - 14-09-2023 *\/\n.elementor-heading-title{padding:0;margin:0;line-height:1}.elementor-widget-heading .elementor-heading-title[class*=elementor-size-]>a{color:inherit;font-size:inherit;line-height:inherit}.elementor-widget-heading .elementor-heading-title.elementor-size-small{font-size:15px}.elementor-widget-heading .elementor-heading-title.elementor-size-medium{font-size:19px}.elementor-widget-heading .elementor-heading-title.elementor-size-large{font-size:29px}.elementor-widget-heading .elementor-heading-title.elementor-size-xl{font-size:39px}.elementor-widget-heading .elementor-heading-title.elementor-size-xxl{font-size:59px}<\/style><h2 class=\"elementor-heading-title elementor-size-default\">NEWS<\/h2>\t\t<\/div>\n\t\t\t\t<\/div>\n\t\t\t\t<div class=\"elementor-element elementor-element-72514d7 elementor-widget elementor-widget-spacer\" data-id=\"72514d7\" data-element_type=\"widget\" data-widget_type=\"spacer.default\">\n\t\t\t\t<div class=\"elementor-widget-container\">\n\t\t\t\t\t<div class=\"elementor-spacer\">\n\t\t\t<div class=\"elementor-spacer-inner\"><\/div>\n\t\t<\/div>\n\t\t\t\t<\/div>\n\t\t\t\t<\/div>\n\t\t\t\t<div class=\"elementor-element elementor-element-c89202b section-title-style-default meta-visibility-show title_position_default title_hover_border_default title-default img_hover_animation_default meta_position_default tpg-category-position-default readmore-btn-default-style grid-hover-overlay-type-always grid-hover-overlay-height-default hover-overlay-height-default tpg-border-bottom-disable elementor-widget elementor-widget-tpg-grid-hover-layout\" data-id=\"c89202b\" data-element_type=\"widget\" data-widget_type=\"tpg-grid-hover-layout.default\">\n\t\t\t\t<div class=\"elementor-widget-container\">\n\t\t\t\r\n        <div class=\"rt-container-fluid rt-tpg-container tpg-el-main-wrapper grid_hover-layout1-main\"\r\n             id=\"rt-tpg-container-2706370580\"\r\n             data-layout=\"grid_hover-layout1\"\r\n             data-sc-id=\"elementor\"\r\n             data-el-settings=''\r\n             data-el-query=''\r\n             data-el-path=''\r\n        >\r\n\t\t\t<div class='tpg-header-wrapper'>\r\n        <div class=\"tpg-widget-heading-wrapper rt-clear heading-default\">\r\n            <span class=\"tpg-widget-heading-line line-left\"><\/span>\r\n\r\n\t\t\t<h2 class='tpg-widget-heading'>\r\n\t\t\t\r\n\t\t\t\t                    <span>\r\n                                            <\/span>\r\n\t\t\t\t\t\r\n\t\t\t\t\t\t\t<\/h2>            <span class=\"tpg-widget-heading-line line-right\"><\/span>\r\n\r\n\t\t\t\r\n        <\/div>\r\n\r\n\t\t\r\n\t\t<\/div>\r\n            <div data-title=\"Loading ...\"\r\n                 class=\"rt-row rt-content-loader grid_hover-layout1 tpg-even grid-behaviour grid_hover_layout_wrapper\">\r\n\t\t\t\t\r\n<div class=\"rt-col-md-4 rt-col-sm-6 rt-col-xs-12 default rt-grid-hover-item rt-grid-item\" data-id=\"2431\">\r\n\t<div class=\"rt-holder tpg-post-holder\">\r\n\t\t<div class=\"rt-detail rt-el-content-wrapper\">\r\n\t\t\t\t\t\t\t<div class=\"rt-img-holder tpg-el-image-wrap has-thumbnail\">\r\n\t\t\t\t\t<a data-id=\"2431\" href=\"https:\/\/ekorural4stem.eu\/en\/odrzana-zavrsna-konferencija-projekta-jacanje-stem-vjestina-kroz-ekologiju-u-osnovnoj-skoli-zrinskih-nustar-eko-rural4stem\/\" class=\"tpg-post-link\" target=\"_self\">                        <img loading=\"lazy\" decoding=\"async\" src=\"https:\/\/ekorural4stem.eu\/wp-content\/uploads\/2024\/04\/Naslovna_DSC_0058-768x515.jpg\"\r\n                             class=\"rt-img-responsive\"\r\n                             width=\"768\"\r\n                             height=\"515\"\r\n                             alt=\"Odr\u017eana zavr\u0161na konferencija projekta Ja\u010danje STEM vje\u0161tina kroz ekologiju u Osnovnoj \u0161koli Zrinskih Nu\u0161tar (EKO-RURAL4STEM)\">\r\n\t\t\t\t\t\t\r\n\t\t\t\t\t\t\t\r\n\t\t<\/a>\r\n\t\t        <div class=\"overlay grid-hover-content\"><\/div>\r\n\t\t\t\t\t\t<\/div>\r\n\t\t\t\r\n\t\t\t<div class=\"grid-hover-content\">\r\n\t\t\t\t<div class=\"entry-title-wrapper\"><h3 class=\"entry-title\"><a data-id=\"2431\" href=\"https:\/\/ekorural4stem.eu\/en\/odrzana-zavrsna-konferencija-projekta-jacanje-stem-vjestina-kroz-ekologiju-u-osnovnoj-skoli-zrinskih-nustar-eko-rural4stem\/\" class=\"tpg-post-link\" target=\"_self\">The closing conference of the project \u201cStrengthening STEM skills through ecology in the Elementary school Zrinskih Nu\u0161tar\u201d (EKO-RURAL4STEM) was held<\/a><\/h3><\/div>\r\n\t\t\t\t\t\t\t\t\t<div class=\"post-meta-tags rt-el-post-meta\">\r\n\t\t\t\t\t\t            <span class='date'>\r\n\r\n\t\t\t\t<i class='flaticon-tpg-calendar'><\/i>\t\t\t\t<a href=\"https:\/\/ekorural4stem.eu\/en\/2024\/04\/19\/\">\r\n\t\t\t\t\tApril 19, 2024\t\t\t\t<\/a>\r\n\t\t\t<\/span>\r\n\t\t\t            <span class='categories-links'>\r\n\t\t\t\t<i class='flaticon-tpg-folder'><\/i><a class=\"vijesti\" href=\"https:\/\/ekorural4stem.eu\/en\/category\/vijesti\/\">NEWS<\/a>\r\n\t\t\t<\/span>\r\n\t\t\t\t\t\t\t\t<\/div>\r\n\t\t\t\t\r\n\t\t\t\t\t\t\t\t\t<div class=\"tpg-excerpt tpg-el-excerpt\">\r\n\t\t\t\t\t\t\t\t\t\t\t\t\t<div class=\"tpg-excerpt-inner\">\r\n\t\t\t\t\t\t\t\tThe closing conference of the project \u201cStrengthening STEM skills through ecology in the Elementary school Zrinskih Nu\u0161tar\u201d was held\t\t\t\t\t\t\t<\/div>\r\n\t\t\t\t\t\t\t\t\t\t\t\t\t\t\t\t\t<\/div>\r\n\t\t\t\t\r\n\t\t\t\t        <div class=\"post-footer\">\r\n            <div class=\"post-footer\">\r\n                <div class=\"read-more\">\r\n\t\t\t\t\t<a data-id=\"2431\" href=\"https:\/\/ekorural4stem.eu\/en\/odrzana-zavrsna-konferencija-projekta-jacanje-stem-vjestina-kroz-ekologiju-u-osnovnoj-skoli-zrinskih-nustar-eko-rural4stem\/\" class=\"tpg-post-link\" target=\"_self\">Read more<\/a>                <\/div>\r\n            <\/div>\r\n        <\/div>\r\n\t\t\t\t\t<\/div>\r\n\t\t<\/div>\r\n\t<\/div>\r\n<\/div>\r\n\r\n<div class=\"rt-col-md-4 rt-col-sm-6 rt-col-xs-12 default rt-grid-hover-item rt-grid-item\" data-id=\"2413\">\r\n\t<div class=\"rt-holder tpg-post-holder\">\r\n\t\t<div class=\"rt-detail rt-el-content-wrapper\">\r\n\t\t\t\t\t\t\t<div class=\"rt-img-holder tpg-el-image-wrap has-thumbnail\">\r\n\t\t\t\t\t<a data-id=\"2413\" href=\"https:\/\/ekorural4stem.eu\/en\/posjet-ucenika-sumarskom-muzeju\/\" class=\"tpg-post-link\" target=\"_self\">                        <img loading=\"lazy\" decoding=\"async\" src=\"https:\/\/ekorural4stem.eu\/wp-content\/uploads\/2024\/03\/naslovna-min-1-768x576.jpg\"\r\n                             class=\"rt-img-responsive\"\r\n                             width=\"768\"\r\n                             height=\"576\"\r\n                             alt=\"Posjet u\u010denika \u0160umarskom muzeju u Bo\u0161njacima i Drvno-tehnolo\u0161kom centru u Gradi\u0161tu\">\r\n\t\t\t\t\t\t\r\n\t\t\t\t\t\t\t\r\n\t\t<\/a>\r\n\t\t        <div class=\"overlay grid-hover-content\"><\/div>\r\n\t\t\t\t\t\t<\/div>\r\n\t\t\t\r\n\t\t\t<div class=\"grid-hover-content\">\r\n\t\t\t\t<div class=\"entry-title-wrapper\"><h3 class=\"entry-title\"><a data-id=\"2413\" href=\"https:\/\/ekorural4stem.eu\/en\/posjet-ucenika-sumarskom-muzeju\/\" class=\"tpg-post-link\" target=\"_self\">Visit to the Forestry Museum in Bo\u0161njaci and Wood-Technology Centre in Gradi\u0161te<\/a><\/h3><\/div>\r\n\t\t\t\t\t\t\t\t\t<div class=\"post-meta-tags rt-el-post-meta\">\r\n\t\t\t\t\t\t            <span class='date'>\r\n\r\n\t\t\t\t<i class='flaticon-tpg-calendar'><\/i>\t\t\t\t<a href=\"https:\/\/ekorural4stem.eu\/en\/2024\/03\/18\/\">\r\n\t\t\t\t\tMarch 18, 2024\t\t\t\t<\/a>\r\n\t\t\t<\/span>\r\n\t\t\t            <span class='categories-links'>\r\n\t\t\t\t<i class='flaticon-tpg-folder'><\/i><a class=\"vijesti\" href=\"https:\/\/ekorural4stem.eu\/en\/category\/vijesti\/\">NEWS<\/a>\r\n\t\t\t<\/span>\r\n\t\t\t\t\t\t\t\t<\/div>\r\n\t\t\t\t\r\n\t\t\t\t\t\t\t\t\t<div class=\"tpg-excerpt tpg-el-excerpt\">\r\n\t\t\t\t\t\t\t\t\t\t\t\t\t<div class=\"tpg-excerpt-inner\">\r\n\t\t\t\t\t\t\t\tVisit to the Forestry Museum in Bo\u0161njaci and Wood-Technology Centre in Gradi\u0161te\t\t\t\t\t\t\t<\/div>\r\n\t\t\t\t\t\t\t\t\t\t\t\t\t\t\t\t\t<\/div>\r\n\t\t\t\t\r\n\t\t\t\t        <div class=\"post-footer\">\r\n            <div class=\"post-footer\">\r\n                <div class=\"read-more\">\r\n\t\t\t\t\t<a data-id=\"2413\" href=\"https:\/\/ekorural4stem.eu\/en\/posjet-ucenika-sumarskom-muzeju\/\" class=\"tpg-post-link\" target=\"_self\">Read more<\/a>                <\/div>\r\n            <\/div>\r\n        <\/div>\r\n\t\t\t\t\t<\/div>\r\n\t\t<\/div>\r\n\t<\/div>\r\n<\/div>\r\n\r\n<div class=\"rt-col-md-4 rt-col-sm-6 rt-col-xs-12 default rt-grid-hover-item rt-grid-item\" data-id=\"2398\">\r\n\t<div class=\"rt-holder tpg-post-holder\">\r\n\t\t<div class=\"rt-detail rt-el-content-wrapper\">\r\n\t\t\t\t\t\t\t<div class=\"rt-img-holder tpg-el-image-wrap has-thumbnail\">\r\n\t\t\t\t\t<a data-id=\"2398\" href=\"https:\/\/ekorural4stem.eu\/en\/posjet-ucenika-poljoprivredno-poduzetnickom-inkubatoru-drenovci\/\" class=\"tpg-post-link\" target=\"_self\">                        <img loading=\"lazy\" decoding=\"async\" src=\"https:\/\/ekorural4stem.eu\/wp-content\/uploads\/2024\/03\/naslovna-min-768x576.jpg\"\r\n                             class=\"rt-img-responsive\"\r\n                             width=\"768\"\r\n                             height=\"576\"\r\n                             alt=\"Posjet u\u010denika POLJOPRIVREDNO PODUZETNI\u010cKOM INKUBATORU DRENOVCI\">\r\n\t\t\t\t\t\t\r\n\t\t\t\t\t\t\t\r\n\t\t<\/a>\r\n\t\t        <div class=\"overlay grid-hover-content\"><\/div>\r\n\t\t\t\t\t\t<\/div>\r\n\t\t\t\r\n\t\t\t<div class=\"grid-hover-content\">\r\n\t\t\t\t<div class=\"entry-title-wrapper\"><h3 class=\"entry-title\"><a data-id=\"2398\" href=\"https:\/\/ekorural4stem.eu\/en\/posjet-ucenika-poljoprivredno-poduzetnickom-inkubatoru-drenovci\/\" class=\"tpg-post-link\" target=\"_self\">School trip to Agricultural Entrepreneurial Incubator Drenovci<\/a><\/h3><\/div>\r\n\t\t\t\t\t\t\t\t\t<div class=\"post-meta-tags rt-el-post-meta\">\r\n\t\t\t\t\t\t            <span class='date'>\r\n\r\n\t\t\t\t<i class='flaticon-tpg-calendar'><\/i>\t\t\t\t<a href=\"https:\/\/ekorural4stem.eu\/en\/2024\/03\/12\/\">\r\n\t\t\t\t\tMarch 12, 2024\t\t\t\t<\/a>\r\n\t\t\t<\/span>\r\n\t\t\t            <span class='categories-links'>\r\n\t\t\t\t<i class='flaticon-tpg-folder'><\/i><a class=\"vijesti\" href=\"https:\/\/ekorural4stem.eu\/en\/category\/vijesti\/\">NEWS<\/a>\r\n\t\t\t<\/span>\r\n\t\t\t\t\t\t\t\t<\/div>\r\n\t\t\t\t\r\n\t\t\t\t\t\t\t\t\t<div class=\"tpg-excerpt tpg-el-excerpt\">\r\n\t\t\t\t\t\t\t\t\t\t\t\t\t<div class=\"tpg-excerpt-inner\">\r\n\t\t\t\t\t\t\t\tOur 1st year pupils visited the 1st specialised entrepreneurial incubator in agriculture...\t\t\t\t\t\t\t<\/div>\r\n\t\t\t\t\t\t\t\t\t\t\t\t\t\t\t\t\t<\/div>\r\n\t\t\t\t\r\n\t\t\t\t        <div class=\"post-footer\">\r\n            <div class=\"post-footer\">\r\n                <div class=\"read-more\">\r\n\t\t\t\t\t<a data-id=\"2398\" href=\"https:\/\/ekorural4stem.eu\/en\/posjet-ucenika-poljoprivredno-poduzetnickom-inkubatoru-drenovci\/\" class=\"tpg-post-link\" target=\"_self\">Read more<\/a>                <\/div>\r\n            <\/div>\r\n        <\/div>\r\n\t\t\t\t\t<\/div>\r\n\t\t<\/div>\r\n\t<\/div>\r\n<\/div>\r\n\r\n<div class=\"rt-col-md-4 rt-col-sm-6 rt-col-xs-12 default rt-grid-hover-item rt-grid-item\" data-id=\"2392\">\r\n\t<div class=\"rt-holder tpg-post-holder\">\r\n\t\t<div class=\"rt-detail rt-el-content-wrapper\">\r\n\t\t\t\t\t\t\t<div class=\"rt-img-holder tpg-el-image-wrap has-thumbnail\">\r\n\t\t\t\t\t<a data-id=\"2392\" href=\"https:\/\/ekorural4stem.eu\/en\/odrzali-smo-radionicu-nastava-pomocu-3d-modela-za-nastavnike\/\" class=\"tpg-post-link\" target=\"_self\">                        <img loading=\"lazy\" decoding=\"async\" src=\"https:\/\/ekorural4stem.eu\/wp-content\/uploads\/2024\/02\/naslovna-2-768x578.jpg\"\r\n                             class=\"rt-img-responsive\"\r\n                             width=\"768\"\r\n                             height=\"578\"\r\n                             alt=\"Odr\u017eali smo radionicu \u201eNastava pomo\u0107u 3D modela\u201c za nastavnike!\">\r\n\t\t\t\t\t\t\r\n\t\t\t\t\t\t\t\r\n\t\t<\/a>\r\n\t\t        <div class=\"overlay grid-hover-content\"><\/div>\r\n\t\t\t\t\t\t<\/div>\r\n\t\t\t\r\n\t\t\t<div class=\"grid-hover-content\">\r\n\t\t\t\t<div class=\"entry-title-wrapper\"><h3 class=\"entry-title\"><a data-id=\"2392\" href=\"https:\/\/ekorural4stem.eu\/en\/odrzali-smo-radionicu-nastava-pomocu-3d-modela-za-nastavnike\/\" class=\"tpg-post-link\" target=\"_self\">Workshop \u201eTeaching with 3D models\u201c was held for our teachers!<\/a><\/h3><\/div>\r\n\t\t\t\t\t\t\t\t\t<div class=\"post-meta-tags rt-el-post-meta\">\r\n\t\t\t\t\t\t            <span class='date'>\r\n\r\n\t\t\t\t<i class='flaticon-tpg-calendar'><\/i>\t\t\t\t<a href=\"https:\/\/ekorural4stem.eu\/en\/2024\/02\/21\/\">\r\n\t\t\t\t\tFebruary 21, 2024\t\t\t\t<\/a>\r\n\t\t\t<\/span>\r\n\t\t\t            <span class='categories-links'>\r\n\t\t\t\t<i class='flaticon-tpg-folder'><\/i><a class=\"vijesti\" href=\"https:\/\/ekorural4stem.eu\/en\/category\/vijesti\/\">NEWS<\/a>\r\n\t\t\t<\/span>\r\n\t\t\t\t\t\t\t\t<\/div>\r\n\t\t\t\t\r\n\t\t\t\t\t\t\t\t\t<div class=\"tpg-excerpt tpg-el-excerpt\">\r\n\t\t\t\t\t\t\t\t\t\t\t\t\t<div class=\"tpg-excerpt-inner\">\r\n\t\t\t\t\t\t\t\tWorkshop \u201eTeaching with 3D models\u201c was held for our teachers!\t\t\t\t\t\t\t<\/div>\r\n\t\t\t\t\t\t\t\t\t\t\t\t\t\t\t\t\t<\/div>\r\n\t\t\t\t\r\n\t\t\t\t        <div class=\"post-footer\">\r\n            <div class=\"post-footer\">\r\n                <div class=\"read-more\">\r\n\t\t\t\t\t<a data-id=\"2392\" href=\"https:\/\/ekorural4stem.eu\/en\/odrzali-smo-radionicu-nastava-pomocu-3d-modela-za-nastavnike\/\" class=\"tpg-post-link\" target=\"_self\">Read more<\/a>                <\/div>\r\n            <\/div>\r\n        <\/div>\r\n\t\t\t\t\t<\/div>\r\n\t\t<\/div>\r\n\t<\/div>\r\n<\/div>\r\n\r\n<div class=\"rt-col-md-4 rt-col-sm-6 rt-col-xs-12 default rt-grid-hover-item rt-grid-item\" data-id=\"2381\">\r\n\t<div class=\"rt-holder tpg-post-holder\">\r\n\t\t<div class=\"rt-detail rt-el-content-wrapper\">\r\n\t\t\t\t\t\t\t<div class=\"rt-img-holder tpg-el-image-wrap has-thumbnail\">\r\n\t\t\t\t\t<a data-id=\"2381\" href=\"https:\/\/ekorural4stem.eu\/en\/nas-3-promotivni-film-projekta-jacanje-stem-vjestina-kroz-ekologiju-u-osnovnoj-skoli-zrinskih-nustar-eko-rural4stem-je-zavrsen\/\" class=\"tpg-post-link\" target=\"_self\">                        <img loading=\"lazy\" decoding=\"async\" src=\"https:\/\/ekorural4stem.eu\/wp-content\/uploads\/2024\/02\/Snimka-zaslona-2024-02-08-145759-768x359.png\"\r\n                             class=\"rt-img-responsive\"\r\n                             width=\"768\"\r\n                             height=\"359\"\r\n                             alt=\"Na\u0161 3. promotivni film projekta JA\u010cANJE STEM VJE\u0160TINA KROZ EKOLOGIJU U OSNOVNOJ \u0160KOLI ZRINSKIH NU\u0160TAR \u2013 EKO-RURAL4STEM je zavr\u0161en!\">\r\n\t\t\t\t\t\t\r\n\t\t\t\t\t\t\t\r\n\t\t<\/a>\r\n\t\t        <div class=\"overlay grid-hover-content\"><\/div>\r\n\t\t\t\t\t\t<\/div>\r\n\t\t\t\r\n\t\t\t<div class=\"grid-hover-content\">\r\n\t\t\t\t<div class=\"entry-title-wrapper\"><h3 class=\"entry-title\"><a data-id=\"2381\" href=\"https:\/\/ekorural4stem.eu\/en\/nas-3-promotivni-film-projekta-jacanje-stem-vjestina-kroz-ekologiju-u-osnovnoj-skoli-zrinskih-nustar-eko-rural4stem-je-zavrsen\/\" class=\"tpg-post-link\" target=\"_self\">Our 3rd promo video for project Strengthening STEM Skills Through Ecology at the Elementary School Zrinskih Nu\u0161tar\u2013 EKO-RURAL4STEM is live!<\/a><\/h3><\/div>\r\n\t\t\t\t\t\t\t\t\t<div class=\"post-meta-tags rt-el-post-meta\">\r\n\t\t\t\t\t\t            <span class='date'>\r\n\r\n\t\t\t\t<i class='flaticon-tpg-calendar'><\/i>\t\t\t\t<a href=\"https:\/\/ekorural4stem.eu\/en\/2024\/02\/08\/\">\r\n\t\t\t\t\tFebruary 8, 2024\t\t\t\t<\/a>\r\n\t\t\t<\/span>\r\n\t\t\t            <span class='categories-links'>\r\n\t\t\t\t<i class='flaticon-tpg-folder'><\/i><a class=\"vijesti\" href=\"https:\/\/ekorural4stem.eu\/en\/category\/vijesti\/\">NEWS<\/a>\r\n\t\t\t<\/span>\r\n\t\t\t\t\t\t\t\t<\/div>\r\n\t\t\t\t\r\n\t\t\t\t\t\t\t\t\t<div class=\"tpg-excerpt tpg-el-excerpt\">\r\n\t\t\t\t\t\t\t\t\t\t\t\t\t<div class=\"tpg-excerpt-inner\">\r\n\t\t\t\t\t\t\t\tOur 1st promo video for project Strengthening STEM Skills Through Ecology at the Elementary School Zrinskih Nu\u0161tar\u2013 EKO-RURA4LSTEM is live!\t\t\t\t\t\t\t<\/div>\r\n\t\t\t\t\t\t\t\t\t\t\t\t\t\t\t\t\t<\/div>\r\n\t\t\t\t\r\n\t\t\t\t        <div class=\"post-footer\">\r\n            <div class=\"post-footer\">\r\n                <div class=\"read-more\">\r\n\t\t\t\t\t<a data-id=\"2381\" href=\"https:\/\/ekorural4stem.eu\/en\/nas-3-promotivni-film-projekta-jacanje-stem-vjestina-kroz-ekologiju-u-osnovnoj-skoli-zrinskih-nustar-eko-rural4stem-je-zavrsen\/\" class=\"tpg-post-link\" target=\"_self\">Read more<\/a>                <\/div>\r\n            <\/div>\r\n        <\/div>\r\n\t\t\t\t\t<\/div>\r\n\t\t<\/div>\r\n\t<\/div>\r\n<\/div>\r\n\r\n<div class=\"rt-col-md-4 rt-col-sm-6 rt-col-xs-12 default rt-grid-hover-item rt-grid-item\" data-id=\"2367\">\r\n\t<div class=\"rt-holder tpg-post-holder\">\r\n\t\t<div class=\"rt-detail rt-el-content-wrapper\">\r\n\t\t\t\t\t\t\t<div class=\"rt-img-holder tpg-el-image-wrap has-thumbnail\">\r\n\t\t\t\t\t<a data-id=\"2367\" href=\"https:\/\/ekorural4stem.eu\/en\/odrzali-smo-radionicu-bitne-mape-za-ucenike-razredne-nastave-1-4-razred\/\" class=\"tpg-post-link\" target=\"_self\">                        <img loading=\"lazy\" decoding=\"async\" src=\"https:\/\/ekorural4stem.eu\/wp-content\/uploads\/2024\/02\/naslovna-1-768x768.jpg\"\r\n                             class=\"rt-img-responsive\"\r\n                             width=\"768\"\r\n                             height=\"768\"\r\n                             alt=\"Odr\u017eali smo radionicu \u201eBITne mape\u201c za u\u010denike razredne nastave (1.-4. razred)!\">\r\n\t\t\t\t\t\t\r\n\t\t\t\t\t\t\t\r\n\t\t<\/a>\r\n\t\t        <div class=\"overlay grid-hover-content\"><\/div>\r\n\t\t\t\t\t\t<\/div>\r\n\t\t\t\r\n\t\t\t<div class=\"grid-hover-content\">\r\n\t\t\t\t<div class=\"entry-title-wrapper\"><h3 class=\"entry-title\"><a data-id=\"2367\" href=\"https:\/\/ekorural4stem.eu\/en\/odrzali-smo-radionicu-bitne-mape-za-ucenike-razredne-nastave-1-4-razred\/\" class=\"tpg-post-link\" target=\"_self\">Workshop \u201eBITne mape\u201c was held for our pupils in grades 1-4!<\/a><\/h3><\/div>\r\n\t\t\t\t\t\t\t\t\t<div class=\"post-meta-tags rt-el-post-meta\">\r\n\t\t\t\t\t\t            <span class='date'>\r\n\r\n\t\t\t\t<i class='flaticon-tpg-calendar'><\/i>\t\t\t\t<a href=\"https:\/\/ekorural4stem.eu\/en\/2024\/02\/01\/\">\r\n\t\t\t\t\tFebruary 1, 2024\t\t\t\t<\/a>\r\n\t\t\t<\/span>\r\n\t\t\t            <span class='categories-links'>\r\n\t\t\t\t<i class='flaticon-tpg-folder'><\/i><a class=\"vijesti\" href=\"https:\/\/ekorural4stem.eu\/en\/category\/vijesti\/\">NEWS<\/a>\r\n\t\t\t<\/span>\r\n\t\t\t\t\t\t\t\t<\/div>\r\n\t\t\t\t\r\n\t\t\t\t\t\t\t\t\t<div class=\"tpg-excerpt tpg-el-excerpt\">\r\n\t\t\t\t\t\t\t\t\t\t\t\t\t<div class=\"tpg-excerpt-inner\">\r\n\t\t\t\t\t\t\t\tWorkshop \u201eBITne mape\u201c was held for our pupils in grades 1-4!\t\t\t\t\t\t\t<\/div>\r\n\t\t\t\t\t\t\t\t\t\t\t\t\t\t\t\t\t<\/div>\r\n\t\t\t\t\r\n\t\t\t\t        <div class=\"post-footer\">\r\n            <div class=\"post-footer\">\r\n                <div class=\"read-more\">\r\n\t\t\t\t\t<a data-id=\"2367\" href=\"https:\/\/ekorural4stem.eu\/en\/odrzali-smo-radionicu-bitne-mape-za-ucenike-razredne-nastave-1-4-razred\/\" class=\"tpg-post-link\" target=\"_self\">Read more<\/a>                <\/div>\r\n            <\/div>\r\n        <\/div>\r\n\t\t\t\t\t<\/div>\r\n\t\t<\/div>\r\n\t<\/div>\r\n<\/div>\r\n\r\n<div class=\"rt-col-md-4 rt-col-sm-6 rt-col-xs-12 default rt-grid-hover-item rt-grid-item\" data-id=\"2359\">\r\n\t<div class=\"rt-holder tpg-post-holder\">\r\n\t\t<div class=\"rt-detail rt-el-content-wrapper\">\r\n\t\t\t\t\t\t\t<div class=\"rt-img-holder tpg-el-image-wrap has-thumbnail\">\r\n\t\t\t\t\t<a data-id=\"2359\" href=\"https:\/\/ekorural4stem.eu\/en\/ucenici-7-razreda-na-izbornoj-nastavi-informatike-programirali-su-pomocu-microbita\/\" class=\"tpg-post-link\" target=\"_self\">                        <img loading=\"lazy\" decoding=\"async\" src=\"https:\/\/ekorural4stem.eu\/wp-content\/uploads\/2024\/02\/Snimka-zaslona-2024-02-06-131618-2-768x516.png\"\r\n                             class=\"rt-img-responsive\"\r\n                             width=\"768\"\r\n                             height=\"516\"\r\n                             alt=\"U\u010denici 7. razreda na izbornoj nastavi informatike programirali su pomo\u0107u micro:bita!\">\r\n\t\t\t\t\t\t\r\n\t\t\t\t\t\t\t\r\n\t\t<\/a>\r\n\t\t        <div class=\"overlay grid-hover-content\"><\/div>\r\n\t\t\t\t\t\t<\/div>\r\n\t\t\t\r\n\t\t\t<div class=\"grid-hover-content\">\r\n\t\t\t\t<div class=\"entry-title-wrapper\"><h3 class=\"entry-title\"><a data-id=\"2359\" href=\"https:\/\/ekorural4stem.eu\/en\/ucenici-7-razreda-na-izbornoj-nastavi-informatike-programirali-su-pomocu-microbita\/\" class=\"tpg-post-link\" target=\"_self\">Our 7th graders programmed with micro:bit!<\/a><\/h3><\/div>\r\n\t\t\t\t\t\t\t\t\t<div class=\"post-meta-tags rt-el-post-meta\">\r\n\t\t\t\t\t\t            <span class='date'>\r\n\r\n\t\t\t\t<i class='flaticon-tpg-calendar'><\/i>\t\t\t\t<a href=\"https:\/\/ekorural4stem.eu\/en\/2024\/01\/26\/\">\r\n\t\t\t\t\tJanuary 26, 2024\t\t\t\t<\/a>\r\n\t\t\t<\/span>\r\n\t\t\t            <span class='categories-links'>\r\n\t\t\t\t<i class='flaticon-tpg-folder'><\/i><a class=\"vijesti\" href=\"https:\/\/ekorural4stem.eu\/en\/category\/vijesti\/\">NEWS<\/a>\r\n\t\t\t<\/span>\r\n\t\t\t\t\t\t\t\t<\/div>\r\n\t\t\t\t\r\n\t\t\t\t\t\t\t\t\t<div class=\"tpg-excerpt tpg-el-excerpt\">\r\n\t\t\t\t\t\t\t\t\t\t\t\t\t<div class=\"tpg-excerpt-inner\">\r\n\t\t\t\t\t\t\t\tOur 7th graders programmed with micro:bit!\t\t\t\t\t\t\t<\/div>\r\n\t\t\t\t\t\t\t\t\t\t\t\t\t\t\t\t\t<\/div>\r\n\t\t\t\t\r\n\t\t\t\t        <div class=\"post-footer\">\r\n            <div class=\"post-footer\">\r\n                <div class=\"read-more\">\r\n\t\t\t\t\t<a data-id=\"2359\" href=\"https:\/\/ekorural4stem.eu\/en\/ucenici-7-razreda-na-izbornoj-nastavi-informatike-programirali-su-pomocu-microbita\/\" class=\"tpg-post-link\" target=\"_self\">Read more<\/a>                <\/div>\r\n            <\/div>\r\n        <\/div>\r\n\t\t\t\t\t<\/div>\r\n\t\t<\/div>\r\n\t<\/div>\r\n<\/div>\r\n\r\n<div class=\"rt-col-md-4 rt-col-sm-6 rt-col-xs-12 default rt-grid-hover-item rt-grid-item\" data-id=\"2345\">\r\n\t<div class=\"rt-holder tpg-post-holder\">\r\n\t\t<div class=\"rt-detail rt-el-content-wrapper\">\r\n\t\t\t\t\t\t\t<div class=\"rt-img-holder tpg-el-image-wrap has-thumbnail\">\r\n\t\t\t\t\t<a data-id=\"2345\" href=\"https:\/\/ekorural4stem.eu\/en\/edukacijska-robotika-amp-steam-radionica-odrzana-za-13-razrednih-odjela\/\" class=\"tpg-post-link\" target=\"_self\">                        <img loading=\"lazy\" decoding=\"async\" src=\"https:\/\/ekorural4stem.eu\/wp-content\/uploads\/2024\/02\/naslovna-min-768x576.jpg\"\r\n                             class=\"rt-img-responsive\"\r\n                             width=\"768\"\r\n                             height=\"576\"\r\n                             alt=\"\u201eEdukacijska robotika &amp; STEAM radionica\u201c odr\u017eana za 13 razrednih odjela\">\r\n\t\t\t\t\t\t\r\n\t\t\t\t\t\t\t\r\n\t\t<\/a>\r\n\t\t        <div class=\"overlay grid-hover-content\"><\/div>\r\n\t\t\t\t\t\t<\/div>\r\n\t\t\t\r\n\t\t\t<div class=\"grid-hover-content\">\r\n\t\t\t\t<div class=\"entry-title-wrapper\"><h3 class=\"entry-title\"><a data-id=\"2345\" href=\"https:\/\/ekorural4stem.eu\/en\/edukacijska-robotika-amp-steam-radionica-odrzana-za-13-razrednih-odjela\/\" class=\"tpg-post-link\" target=\"_self\">Workshop \u201eEducational robotics &amp; STEAM workshop\u201c was held for 13 departments (5th \u2013 8th grade)!<\/a><\/h3><\/div>\r\n\t\t\t\t\t\t\t\t\t<div class=\"post-meta-tags rt-el-post-meta\">\r\n\t\t\t\t\t\t            <span class='date'>\r\n\r\n\t\t\t\t<i class='flaticon-tpg-calendar'><\/i>\t\t\t\t<a href=\"https:\/\/ekorural4stem.eu\/en\/2024\/01\/17\/\">\r\n\t\t\t\t\tJanuary 17, 2024\t\t\t\t<\/a>\r\n\t\t\t<\/span>\r\n\t\t\t            <span class='categories-links'>\r\n\t\t\t\t<i class='flaticon-tpg-folder'><\/i><a class=\"vijesti\" href=\"https:\/\/ekorural4stem.eu\/en\/category\/vijesti\/\">NEWS<\/a>\r\n\t\t\t<\/span>\r\n\t\t\t\t\t\t\t\t<\/div>\r\n\t\t\t\t\r\n\t\t\t\t\t\t\t\t\t<div class=\"tpg-excerpt tpg-el-excerpt\">\r\n\t\t\t\t\t\t\t\t\t\t\t\t\t<div class=\"tpg-excerpt-inner\">\r\n\t\t\t\t\t\t\t\tWorkshop \u201eEducational robotics &amp; STEAM workshop\u201c was held for 13 departments (5th \u2013 8th grade)!\t\t\t\t\t\t\t<\/div>\r\n\t\t\t\t\t\t\t\t\t\t\t\t\t\t\t\t\t<\/div>\r\n\t\t\t\t\r\n\t\t\t\t        <div class=\"post-footer\">\r\n            <div class=\"post-footer\">\r\n                <div class=\"read-more\">\r\n\t\t\t\t\t<a data-id=\"2345\" href=\"https:\/\/ekorural4stem.eu\/en\/edukacijska-robotika-amp-steam-radionica-odrzana-za-13-razrednih-odjela\/\" class=\"tpg-post-link\" target=\"_self\">Read more<\/a>                <\/div>\r\n            <\/div>\r\n        <\/div>\r\n\t\t\t\t\t<\/div>\r\n\t\t<\/div>\r\n\t<\/div>\r\n<\/div>\r\n\r\n<div class=\"rt-col-md-4 rt-col-sm-6 rt-col-xs-12 default rt-grid-hover-item rt-grid-item\" data-id=\"2329\">\r\n\t<div class=\"rt-holder tpg-post-holder\">\r\n\t\t<div class=\"rt-detail rt-el-content-wrapper\">\r\n\t\t\t\t\t\t\t<div class=\"rt-img-holder tpg-el-image-wrap has-thumbnail\">\r\n\t\t\t\t\t<a data-id=\"2329\" href=\"https:\/\/ekorural4stem.eu\/en\/odrzana-3-informativna-konferencija-projekta-jacanje-stem-vjestina-kroz-ekologiju-u-osnovnoj-skoli-zrinskih-nustar-eko-rural4stem\/\" class=\"tpg-post-link\" target=\"_self\">                        <img loading=\"lazy\" decoding=\"async\" src=\"https:\/\/ekorural4stem.eu\/wp-content\/uploads\/2024\/01\/2O5A9750-min-768x512.jpg\"\r\n                             class=\"rt-img-responsive\"\r\n                             width=\"768\"\r\n                             height=\"512\"\r\n                             alt=\"Odr\u017eana 3. informativna konferencija projekta Ja\u010danje STEM vje\u0161tina kroz ekologiju u Osnovnoj \u0161koli Zrinskih Nu\u0161tar (EKO-RURAL4STEM)\">\r\n\t\t\t\t\t\t\r\n\t\t\t\t\t\t\t\r\n\t\t<\/a>\r\n\t\t        <div class=\"overlay grid-hover-content\"><\/div>\r\n\t\t\t\t\t\t<\/div>\r\n\t\t\t\r\n\t\t\t<div class=\"grid-hover-content\">\r\n\t\t\t\t<div class=\"entry-title-wrapper\"><h3 class=\"entry-title\"><a data-id=\"2329\" href=\"https:\/\/ekorural4stem.eu\/en\/odrzana-3-informativna-konferencija-projekta-jacanje-stem-vjestina-kroz-ekologiju-u-osnovnoj-skoli-zrinskih-nustar-eko-rural4stem\/\" class=\"tpg-post-link\" target=\"_self\">On January 5th, 2024, the 3rd informative conference of the project \u201cStrengthening STEM skills through ecology in the Elementary school Zrinskih Nu\u0161tar\u201d (EKO-RURAL4STEM) was held.<\/a><\/h3><\/div>\r\n\t\t\t\t\t\t\t\t\t<div class=\"post-meta-tags rt-el-post-meta\">\r\n\t\t\t\t\t\t            <span class='date'>\r\n\r\n\t\t\t\t<i class='flaticon-tpg-calendar'><\/i>\t\t\t\t<a href=\"https:\/\/ekorural4stem.eu\/en\/2024\/01\/09\/\">\r\n\t\t\t\t\tJanuary 9, 2024\t\t\t\t<\/a>\r\n\t\t\t<\/span>\r\n\t\t\t            <span class='categories-links'>\r\n\t\t\t\t<i class='flaticon-tpg-folder'><\/i><a class=\"vijesti\" href=\"https:\/\/ekorural4stem.eu\/en\/category\/vijesti\/\">NEWS<\/a>\r\n\t\t\t<\/span>\r\n\t\t\t\t\t\t\t\t<\/div>\r\n\t\t\t\t\r\n\t\t\t\t\t\t\t\t\t<div class=\"tpg-excerpt tpg-el-excerpt\">\r\n\t\t\t\t\t\t\t\t\t\t\t\t\t<div class=\"tpg-excerpt-inner\">\r\n\t\t\t\t\t\t\t\tThe 3rd informative conference of the project \u201cStrengthening STEM skills through ecology in the Elementary school Zrinskih Nu\u0161tar\u201d (EKO-RURAL4STEM) was held\t\t\t\t\t\t\t<\/div>\r\n\t\t\t\t\t\t\t\t\t\t\t\t\t\t\t\t\t<\/div>\r\n\t\t\t\t\r\n\t\t\t\t        <div class=\"post-footer\">\r\n            <div class=\"post-footer\">\r\n                <div class=\"read-more\">\r\n\t\t\t\t\t<a data-id=\"2329\" href=\"https:\/\/ekorural4stem.eu\/en\/odrzana-3-informativna-konferencija-projekta-jacanje-stem-vjestina-kroz-ekologiju-u-osnovnoj-skoli-zrinskih-nustar-eko-rural4stem\/\" class=\"tpg-post-link\" target=\"_self\">Read more<\/a>                <\/div>\r\n            <\/div>\r\n        <\/div>\r\n\t\t\t\t\t<\/div>\r\n\t\t<\/div>\r\n\t<\/div>\r\n<\/div>\r\n            <\/div>\r\n\r\n\t\t\t        <\/div>\r\n\t\t\t\t<\/div>\n\t\t\t\t<\/div>\n\t\t\t\t\t<\/div>\n\t\t<\/div>\n\t\t\t\t\t\t\t<\/div>\n\t\t<\/section>\n\t\t\t\t\t\t\t<\/div>","protected":false},"excerpt":{"rendered":"<p>Nacionalni park Risnjak O \u0161umi, u \u0161umi, za \u0161umu Aktualno O \u0161umi, u \u0161umi, za \u0161umu Odr\u017eana 2. informativna konferencija projekta Ja\u010danje STEM vje\u0161tina kroz ekologiju u Osnovnoj \u0161koli Zrinskih Nu\u0161tar (EKO-RURAL4STEM) Centar kompetencija d.o.o. za istra\u017eivanje i razvoj odr\u017eao radionicu \u201ePrimjeri dobre prakse u \u0161umarstvu s naglaskom na digitalizaciju\u201c za nastavnike i u\u010denike Norve\u0161ki [&hellip;]<\/p>","protected":false},"author":1,"featured_media":2239,"comment_status":"closed","ping_status":"open","sticky":false,"template":"","format":"standard","meta":{"om_disable_all_campaigns":false,"_mi_skip_tracking":false,"_monsterinsights_sitenote_active":false,"_monsterinsights_sitenote_note":"","_monsterinsights_sitenote_category":0,"footnotes":""},"categories":[2],"tags":[],"class_list":["post-2236","post","type-post","status-publish","format-standard","has-post-thumbnail","hentry","category-vijesti"],"yoast_head":"<!-- This site is optimized with the Yoast SEO plugin v21.1 - https:\/\/yoast.com\/wordpress\/plugins\/seo\/ -->\n<title>O \u0161umi, u \u0161umi, za \u0161umu - EKO-RURAL4STEM<\/title>\n<meta name=\"description\" content=\"U sklopu izvannastavne aktivnosti \u201eO \u0161umi, u \u0161umi, za \u0161umu\u201c posjetili smo Nacionalni park Risnjak.U\u010denici su floru i faunu NP Risnjak upoznali \u0161etnjom Pou\u010dnom stazom Leska. Saznali su da u \u0161umama \u017eive sme\u0111i medvjed, vuk i ris, po kojem je Nacionalni park dobio ime. Risnjak je i dom vi\u0161e od 100 vrsta razli\u010ditih ptica. Osim mno\u0161tva podataka koje su mogli \u010duti od vodi\u010da, uz stazu se nalazi i dvadesetak informacijskih tabli s pou\u010dnim i zanimljivim sadr\u017eajem. U\u010denici su upoznali razli\u010dite biljne vrste (stabla, grmlje i cvije\u0107e), vidjeli ponikve, nau\u010dili kako se pona\u0161ati pri susretu s medvjedom te saznali nekoliko zanimljivosti o \u017eivotnim navikama medvjeda.Najzanimljiviji doga\u0111aj bio je susret sa zmijom koja se, sasvim nezainteresirana za posjetitelje, uvukla u rupu u stablu.\" \/>\n<meta name=\"robots\" content=\"index, follow, max-snippet:-1, max-image-preview:large, max-video-preview:-1\" \/>\n<link rel=\"canonical\" href=\"https:\/\/ekorural4stem.eu\/en\/o-sumi-u-sumi-za-sumu\/\" \/>\n<meta property=\"og:locale\" content=\"en_GB\" \/>\n<meta property=\"og:type\" content=\"article\" \/>\n<meta property=\"og:title\" content=\"O \u0161umi, u \u0161umi, za \u0161umu - EKO-RURAL4STEM\" \/>\n<meta property=\"og:description\" content=\"U sklopu izvannastavne aktivnosti \u201eO \u0161umi, u \u0161umi, za \u0161umu\u201c posjetili smo Nacionalni park Risnjak.U\u010denici su floru i faunu NP Risnjak upoznali \u0161etnjom Pou\u010dnom stazom Leska. Saznali su da u \u0161umama \u017eive sme\u0111i medvjed, vuk i ris, po kojem je Nacionalni park dobio ime. Risnjak je i dom vi\u0161e od 100 vrsta razli\u010ditih ptica. Osim mno\u0161tva podataka koje su mogli \u010duti od vodi\u010da, uz stazu se nalazi i dvadesetak informacijskih tabli s pou\u010dnim i zanimljivim sadr\u017eajem. U\u010denici su upoznali razli\u010dite biljne vrste (stabla, grmlje i cvije\u0107e), vidjeli ponikve, nau\u010dili kako se pona\u0161ati pri susretu s medvjedom te saznali nekoliko zanimljivosti o \u017eivotnim navikama medvjeda.Najzanimljiviji doga\u0111aj bio je susret sa zmijom koja se, sasvim nezainteresirana za posjetitelje, uvukla u rupu u stablu.\" \/>\n<meta property=\"og:url\" content=\"https:\/\/ekorural4stem.eu\/en\/o-sumi-u-sumi-za-sumu\/\" \/>\n<meta property=\"og:site_name\" content=\"EKO-RURAL4STEM\" \/>\n<meta property=\"article:publisher\" content=\"https:\/\/www.facebook.com\/zrinus\" \/>\n<meta property=\"article:published_time\" content=\"2023-09-18T05:39:39+00:00\" \/>\n<meta property=\"article:modified_time\" content=\"2023-09-18T05:44:23+00:00\" \/>\n<meta property=\"og:image\" content=\"https:\/\/ekorural4stem.eu\/wp-content\/uploads\/2023\/09\/image001.jpg\" \/>\n\t<meta property=\"og:image:width\" content=\"873\" \/>\n\t<meta property=\"og:image:height\" content=\"393\" \/>\n\t<meta property=\"og:image:type\" content=\"image\/jpeg\" \/>\n<meta name=\"author\" content=\"admin\" \/>\n<meta name=\"twitter:card\" content=\"summary_large_image\" \/>\n<meta name=\"twitter:label1\" content=\"Written by\" \/>\n\t<meta name=\"twitter:data1\" content=\"admin\" \/>\n\t<meta name=\"twitter:label2\" content=\"Estimated reading time\" \/>\n\t<meta name=\"twitter:data2\" content=\"6 minutes\" \/>\n<script type=\"application\/ld+json\" class=\"yoast-schema-graph\">{\"@context\":\"https:\/\/schema.org\",\"@graph\":[{\"@type\":\"Article\",\"@id\":\"https:\/\/ekorural4stem.eu\/o-sumi-u-sumi-za-sumu\/#article\",\"isPartOf\":{\"@id\":\"https:\/\/ekorural4stem.eu\/o-sumi-u-sumi-za-sumu\/\"},\"author\":{\"name\":\"admin\",\"@id\":\"https:\/\/ekorural4stem.eu\/#\/schema\/person\/c3907b51f0f28007d3c73fc6c0960457\"},\"headline\":\"O \u0161umi, u \u0161umi, za \u0161umu\",\"datePublished\":\"2023-09-18T05:39:39+00:00\",\"dateModified\":\"2023-09-18T05:44:23+00:00\",\"mainEntityOfPage\":{\"@id\":\"https:\/\/ekorural4stem.eu\/o-sumi-u-sumi-za-sumu\/\"},\"wordCount\":709,\"publisher\":{\"@id\":\"https:\/\/ekorural4stem.eu\/#organization\"},\"articleSection\":[\"VIJESTI\"],\"inLanguage\":\"en-GB\"},{\"@type\":\"WebPage\",\"@id\":\"https:\/\/ekorural4stem.eu\/o-sumi-u-sumi-za-sumu\/\",\"url\":\"https:\/\/ekorural4stem.eu\/o-sumi-u-sumi-za-sumu\/\",\"name\":\"O \u0161umi, u \u0161umi, za \u0161umu - EKO-RURAL4STEM\",\"isPartOf\":{\"@id\":\"https:\/\/ekorural4stem.eu\/#website\"},\"datePublished\":\"2023-09-18T05:39:39+00:00\",\"dateModified\":\"2023-09-18T05:44:23+00:00\",\"description\":\"U sklopu izvannastavne aktivnosti \u201eO \u0161umi, u \u0161umi, za \u0161umu\u201c posjetili smo Nacionalni park Risnjak.U\u010denici su floru i faunu NP Risnjak upoznali \u0161etnjom Pou\u010dnom stazom Leska. Saznali su da u \u0161umama \u017eive sme\u0111i medvjed, vuk i ris, po kojem je Nacionalni park dobio ime. Risnjak je i dom vi\u0161e od 100 vrsta razli\u010ditih ptica. Osim mno\u0161tva podataka koje su mogli \u010duti od vodi\u010da, uz stazu se nalazi i dvadesetak informacijskih tabli s pou\u010dnim i zanimljivim sadr\u017eajem. U\u010denici su upoznali razli\u010dite biljne vrste (stabla, grmlje i cvije\u0107e), vidjeli ponikve, nau\u010dili kako se pona\u0161ati pri susretu s medvjedom te saznali nekoliko zanimljivosti o \u017eivotnim navikama medvjeda.Najzanimljiviji doga\u0111aj bio je susret sa zmijom koja se, sasvim nezainteresirana za posjetitelje, uvukla u rupu u stablu.\",\"breadcrumb\":{\"@id\":\"https:\/\/ekorural4stem.eu\/o-sumi-u-sumi-za-sumu\/#breadcrumb\"},\"inLanguage\":\"en-GB\",\"potentialAction\":[{\"@type\":\"ReadAction\",\"target\":[\"https:\/\/ekorural4stem.eu\/o-sumi-u-sumi-za-sumu\/\"]}]},{\"@type\":\"BreadcrumbList\",\"@id\":\"https:\/\/ekorural4stem.eu\/o-sumi-u-sumi-za-sumu\/#breadcrumb\",\"itemListElement\":[{\"@type\":\"ListItem\",\"position\":1,\"name\":\"Po\u010detna stranica\",\"item\":\"https:\/\/ekorural4stem.eu\/\"},{\"@type\":\"ListItem\",\"position\":2,\"name\":\"O \u0161umi, u \u0161umi, za \u0161umu\"}]},{\"@type\":\"WebSite\",\"@id\":\"https:\/\/ekorural4stem.eu\/#website\",\"url\":\"https:\/\/ekorural4stem.eu\/\",\"name\":\"EKO-RURAL4STEM\",\"description\":\"\",\"publisher\":{\"@id\":\"https:\/\/ekorural4stem.eu\/#organization\"},\"potentialAction\":[{\"@type\":\"SearchAction\",\"target\":{\"@type\":\"EntryPoint\",\"urlTemplate\":\"https:\/\/ekorural4stem.eu\/?s={search_term_string}\"},\"query-input\":\"required name=search_term_string\"}],\"inLanguage\":\"en-GB\"},{\"@type\":\"Organization\",\"@id\":\"https:\/\/ekorural4stem.eu\/#organization\",\"name\":\"EKO-RURAL4STEM\",\"url\":\"https:\/\/ekorural4stem.eu\/\",\"logo\":{\"@type\":\"ImageObject\",\"inLanguage\":\"en-GB\",\"@id\":\"https:\/\/ekorural4stem.eu\/#\/schema\/logo\/image\/\",\"url\":\"https:\/\/ekorural4stem.eu\/wp-content\/uploads\/2022\/12\/logo-EKO-curve-scaled.jpg\",\"contentUrl\":\"https:\/\/ekorural4stem.eu\/wp-content\/uploads\/2022\/12\/logo-EKO-curve-scaled.jpg\",\"width\":2560,\"height\":1383,\"caption\":\"EKO-RURAL4STEM\"},\"image\":{\"@id\":\"https:\/\/ekorural4stem.eu\/#\/schema\/logo\/image\/\"},\"sameAs\":[\"https:\/\/www.facebook.com\/zrinus\"]},{\"@type\":\"Person\",\"@id\":\"https:\/\/ekorural4stem.eu\/#\/schema\/person\/c3907b51f0f28007d3c73fc6c0960457\",\"name\":\"admin\",\"image\":{\"@type\":\"ImageObject\",\"inLanguage\":\"en-GB\",\"@id\":\"https:\/\/ekorural4stem.eu\/#\/schema\/person\/image\/\",\"url\":\"https:\/\/secure.gravatar.com\/avatar\/e228ef165790dde8286d6eb3b75745d1ea2bc20e07d0ddf12f21381adb5cf2cd?s=96&d=mm&r=g\",\"contentUrl\":\"https:\/\/secure.gravatar.com\/avatar\/e228ef165790dde8286d6eb3b75745d1ea2bc20e07d0ddf12f21381adb5cf2cd?s=96&d=mm&r=g\",\"caption\":\"admin\"},\"sameAs\":[\"https:\/\/ekorural4stem.eu\"],\"url\":\"https:\/\/ekorural4stem.eu\/en\/author\/admin\/\"}]}<\/script>\n<!-- \/ Yoast SEO plugin. -->","yoast_head_json":{"title":"O \u0161umi, u \u0161umi, za \u0161umu - EKO-RURAL4STEM","description":"U sklopu izvannastavne aktivnosti \u201eO \u0161umi, u \u0161umi, za \u0161umu\u201c posjetili smo Nacionalni park Risnjak.U\u010denici su floru i faunu NP Risnjak upoznali \u0161etnjom Pou\u010dnom stazom Leska. Saznali su da u \u0161umama \u017eive sme\u0111i medvjed, vuk i ris, po kojem je Nacionalni park dobio ime. Risnjak je i dom vi\u0161e od 100 vrsta razli\u010ditih ptica. Osim mno\u0161tva podataka koje su mogli \u010duti od vodi\u010da, uz stazu se nalazi i dvadesetak informacijskih tabli s pou\u010dnim i zanimljivim sadr\u017eajem. U\u010denici su upoznali razli\u010dite biljne vrste (stabla, grmlje i cvije\u0107e), vidjeli ponikve, nau\u010dili kako se pona\u0161ati pri susretu s medvjedom te saznali nekoliko zanimljivosti o \u017eivotnim navikama medvjeda.Najzanimljiviji doga\u0111aj bio je susret sa zmijom koja se, sasvim nezainteresirana za posjetitelje, uvukla u rupu u stablu.","robots":{"index":"index","follow":"follow","max-snippet":"max-snippet:-1","max-image-preview":"max-image-preview:large","max-video-preview":"max-video-preview:-1"},"canonical":"https:\/\/ekorural4stem.eu\/en\/o-sumi-u-sumi-za-sumu\/","og_locale":"en_GB","og_type":"article","og_title":"O \u0161umi, u \u0161umi, za \u0161umu - EKO-RURAL4STEM","og_description":"U sklopu izvannastavne aktivnosti \u201eO \u0161umi, u \u0161umi, za \u0161umu\u201c posjetili smo Nacionalni park Risnjak.U\u010denici su floru i faunu NP Risnjak upoznali \u0161etnjom Pou\u010dnom stazom Leska. Saznali su da u \u0161umama \u017eive sme\u0111i medvjed, vuk i ris, po kojem je Nacionalni park dobio ime. Risnjak je i dom vi\u0161e od 100 vrsta razli\u010ditih ptica. Osim mno\u0161tva podataka koje su mogli \u010duti od vodi\u010da, uz stazu se nalazi i dvadesetak informacijskih tabli s pou\u010dnim i zanimljivim sadr\u017eajem. U\u010denici su upoznali razli\u010dite biljne vrste (stabla, grmlje i cvije\u0107e), vidjeli ponikve, nau\u010dili kako se pona\u0161ati pri susretu s medvjedom te saznali nekoliko zanimljivosti o \u017eivotnim navikama medvjeda.Najzanimljiviji doga\u0111aj bio je susret sa zmijom koja se, sasvim nezainteresirana za posjetitelje, uvukla u rupu u stablu.","og_url":"https:\/\/ekorural4stem.eu\/en\/o-sumi-u-sumi-za-sumu\/","og_site_name":"EKO-RURAL4STEM","article_publisher":"https:\/\/www.facebook.com\/zrinus","article_published_time":"2023-09-18T05:39:39+00:00","article_modified_time":"2023-09-18T05:44:23+00:00","og_image":[{"width":873,"height":393,"url":"https:\/\/ekorural4stem.eu\/wp-content\/uploads\/2023\/09\/image001.jpg","type":"image\/jpeg"}],"author":"admin","twitter_card":"summary_large_image","twitter_misc":{"Written by":"admin","Estimated reading time":"6 minutes"},"schema":{"@context":"https:\/\/schema.org","@graph":[{"@type":"Article","@id":"https:\/\/ekorural4stem.eu\/o-sumi-u-sumi-za-sumu\/#article","isPartOf":{"@id":"https:\/\/ekorural4stem.eu\/o-sumi-u-sumi-za-sumu\/"},"author":{"name":"admin","@id":"https:\/\/ekorural4stem.eu\/#\/schema\/person\/c3907b51f0f28007d3c73fc6c0960457"},"headline":"O \u0161umi, u \u0161umi, za \u0161umu","datePublished":"2023-09-18T05:39:39+00:00","dateModified":"2023-09-18T05:44:23+00:00","mainEntityOfPage":{"@id":"https:\/\/ekorural4stem.eu\/o-sumi-u-sumi-za-sumu\/"},"wordCount":709,"publisher":{"@id":"https:\/\/ekorural4stem.eu\/#organization"},"articleSection":["VIJESTI"],"inLanguage":"en-GB"},{"@type":"WebPage","@id":"https:\/\/ekorural4stem.eu\/o-sumi-u-sumi-za-sumu\/","url":"https:\/\/ekorural4stem.eu\/o-sumi-u-sumi-za-sumu\/","name":"O \u0161umi, u \u0161umi, za \u0161umu - EKO-RURAL4STEM","isPartOf":{"@id":"https:\/\/ekorural4stem.eu\/#website"},"datePublished":"2023-09-18T05:39:39+00:00","dateModified":"2023-09-18T05:44:23+00:00","description":"U sklopu izvannastavne aktivnosti \u201eO \u0161umi, u \u0161umi, za \u0161umu\u201c posjetili smo Nacionalni park Risnjak.U\u010denici su floru i faunu NP Risnjak upoznali \u0161etnjom Pou\u010dnom stazom Leska. Saznali su da u \u0161umama \u017eive sme\u0111i medvjed, vuk i ris, po kojem je Nacionalni park dobio ime. Risnjak je i dom vi\u0161e od 100 vrsta razli\u010ditih ptica. Osim mno\u0161tva podataka koje su mogli \u010duti od vodi\u010da, uz stazu se nalazi i dvadesetak informacijskih tabli s pou\u010dnim i zanimljivim sadr\u017eajem. U\u010denici su upoznali razli\u010dite biljne vrste (stabla, grmlje i cvije\u0107e), vidjeli ponikve, nau\u010dili kako se pona\u0161ati pri susretu s medvjedom te saznali nekoliko zanimljivosti o \u017eivotnim navikama medvjeda.Najzanimljiviji doga\u0111aj bio je susret sa zmijom koja se, sasvim nezainteresirana za posjetitelje, uvukla u rupu u stablu.","breadcrumb":{"@id":"https:\/\/ekorural4stem.eu\/o-sumi-u-sumi-za-sumu\/#breadcrumb"},"inLanguage":"en-GB","potentialAction":[{"@type":"ReadAction","target":["https:\/\/ekorural4stem.eu\/o-sumi-u-sumi-za-sumu\/"]}]},{"@type":"BreadcrumbList","@id":"https:\/\/ekorural4stem.eu\/o-sumi-u-sumi-za-sumu\/#breadcrumb","itemListElement":[{"@type":"ListItem","position":1,"name":"Po\u010detna stranica","item":"https:\/\/ekorural4stem.eu\/"},{"@type":"ListItem","position":2,"name":"O \u0161umi, u \u0161umi, za \u0161umu"}]},{"@type":"WebSite","@id":"https:\/\/ekorural4stem.eu\/#website","url":"https:\/\/ekorural4stem.eu\/","name":"EKO-RURAL4STEM","description":"","publisher":{"@id":"https:\/\/ekorural4stem.eu\/#organization"},"potentialAction":[{"@type":"SearchAction","target":{"@type":"EntryPoint","urlTemplate":"https:\/\/ekorural4stem.eu\/?s={search_term_string}"},"query-input":"required name=search_term_string"}],"inLanguage":"en-GB"},{"@type":"Organization","@id":"https:\/\/ekorural4stem.eu\/#organization","name":"EKO-RURAL4STEM","url":"https:\/\/ekorural4stem.eu\/","logo":{"@type":"ImageObject","inLanguage":"en-GB","@id":"https:\/\/ekorural4stem.eu\/#\/schema\/logo\/image\/","url":"https:\/\/ekorural4stem.eu\/wp-content\/uploads\/2022\/12\/logo-EKO-curve-scaled.jpg","contentUrl":"https:\/\/ekorural4stem.eu\/wp-content\/uploads\/2022\/12\/logo-EKO-curve-scaled.jpg","width":2560,"height":1383,"caption":"EKO-RURAL4STEM"},"image":{"@id":"https:\/\/ekorural4stem.eu\/#\/schema\/logo\/image\/"},"sameAs":["https:\/\/www.facebook.com\/zrinus"]},{"@type":"Person","@id":"https:\/\/ekorural4stem.eu\/#\/schema\/person\/c3907b51f0f28007d3c73fc6c0960457","name":"admin","image":{"@type":"ImageObject","inLanguage":"en-GB","@id":"https:\/\/ekorural4stem.eu\/#\/schema\/person\/image\/","url":"https:\/\/secure.gravatar.com\/avatar\/e228ef165790dde8286d6eb3b75745d1ea2bc20e07d0ddf12f21381adb5cf2cd?s=96&d=mm&r=g","contentUrl":"https:\/\/secure.gravatar.com\/avatar\/e228ef165790dde8286d6eb3b75745d1ea2bc20e07d0ddf12f21381adb5cf2cd?s=96&d=mm&r=g","caption":"admin"},"sameAs":["https:\/\/ekorural4stem.eu"],"url":"https:\/\/ekorural4stem.eu\/en\/author\/admin\/"}]}},"rttpg_featured_image_url":{"full":["https:\/\/ekorural4stem.eu\/wp-content\/uploads\/2023\/09\/image001.jpg",873,393,false],"landscape":["https:\/\/ekorural4stem.eu\/wp-content\/uploads\/2023\/09\/image001.jpg",873,393,false],"portraits":["https:\/\/ekorural4stem.eu\/wp-content\/uploads\/2023\/09\/image001.jpg",873,393,false],"thumbnail":["https:\/\/ekorural4stem.eu\/wp-content\/uploads\/2023\/09\/image001-150x150.jpg",150,150,true],"medium":["https:\/\/ekorural4stem.eu\/wp-content\/uploads\/2023\/09\/image001-300x135.jpg",300,135,true],"large":["https:\/\/ekorural4stem.eu\/wp-content\/uploads\/2023\/09\/image001.jpg",800,360,false],"1536x1536":["https:\/\/ekorural4stem.eu\/wp-content\/uploads\/2023\/09\/image001.jpg",873,393,false],"2048x2048":["https:\/\/ekorural4stem.eu\/wp-content\/uploads\/2023\/09\/image001.jpg",873,393,false],"trp-custom-language-flag":["https:\/\/ekorural4stem.eu\/wp-content\/uploads\/2023\/09\/image001-18x8.jpg",18,8,true]},"rttpg_author":{"display_name":"admin","author_link":"https:\/\/ekorural4stem.eu\/en\/author\/admin\/"},"rttpg_comment":1,"rttpg_category":"<a href=\"https:\/\/ekorural4stem.eu\/en\/category\/vijesti\/\" rel=\"category tag\">VIJESTI<\/a>","rttpg_excerpt":"Nacionalni park Risnjak O \u0161umi, u \u0161umi, za \u0161umu Aktualno O \u0161umi, u \u0161umi, za \u0161umu Odr\u017eana 2. informativna konferencija projekta Ja\u010danje STEM vje\u0161tina kroz ekologiju u Osnovnoj \u0161koli Zrinskih Nu\u0161tar (EKO-RURAL4STEM) Centar kompetencija d.o.o. za istra\u017eivanje i razvoj odr\u017eao radionicu \u201ePrimjeri dobre prakse u \u0161umarstvu s naglaskom na digitalizaciju\u201c za nastavnike i u\u010denike Norve\u0161ki&hellip;","_links":{"self":[{"href":"https:\/\/ekorural4stem.eu\/en\/wp-json\/wp\/v2\/posts\/2236","targetHints":{"allow":["GET"]}}],"collection":[{"href":"https:\/\/ekorural4stem.eu\/en\/wp-json\/wp\/v2\/posts"}],"about":[{"href":"https:\/\/ekorural4stem.eu\/en\/wp-json\/wp\/v2\/types\/post"}],"author":[{"embeddable":true,"href":"https:\/\/ekorural4stem.eu\/en\/wp-json\/wp\/v2\/users\/1"}],"replies":[{"embeddable":true,"href":"https:\/\/ekorural4stem.eu\/en\/wp-json\/wp\/v2\/comments?post=2236"}],"version-history":[{"count":5,"href":"https:\/\/ekorural4stem.eu\/en\/wp-json\/wp\/v2\/posts\/2236\/revisions"}],"predecessor-version":[{"id":2247,"href":"https:\/\/ekorural4stem.eu\/en\/wp-json\/wp\/v2\/posts\/2236\/revisions\/2247"}],"wp:featuredmedia":[{"embeddable":true,"href":"https:\/\/ekorural4stem.eu\/en\/wp-json\/wp\/v2\/media\/2239"}],"wp:attachment":[{"href":"https:\/\/ekorural4stem.eu\/en\/wp-json\/wp\/v2\/media?parent=2236"}],"wp:term":[{"taxonomy":"category","embeddable":true,"href":"https:\/\/ekorural4stem.eu\/en\/wp-json\/wp\/v2\/categories?post=2236"},{"taxonomy":"post_tag","embeddable":true,"href":"https:\/\/ekorural4stem.eu\/en\/wp-json\/wp\/v2\/tags?post=2236"}],"curies":[{"name":"wp","href":"https:\/\/api.w.org\/{rel}","templated":true}]}}