{"id":2431,"date":"2024-04-19T11:22:06","date_gmt":"2024-04-19T11:22:06","guid":{"rendered":"https:\/\/ekorural4stem.eu\/?p=2431"},"modified":"2024-04-19T11:55:47","modified_gmt":"2024-04-19T11:55:47","slug":"odrzana-zavrsna-konferencija-projekta-jacanje-stem-vjestina-kroz-ekologiju-u-osnovnoj-skoli-zrinskih-nustar-eko-rural4stem","status":"publish","type":"post","link":"https:\/\/ekorural4stem.eu\/en\/odrzana-zavrsna-konferencija-projekta-jacanje-stem-vjestina-kroz-ekologiju-u-osnovnoj-skoli-zrinskih-nustar-eko-rural4stem\/","title":{"rendered":"The closing conference of the project \u201cStrengthening STEM skills through ecology in the Elementary school Zrinskih Nu\u0161tar\u201d (EKO-RURAL4STEM) was held"},"content":{"rendered":"<div data-elementor-type=\"wp-post\" data-elementor-id=\"2431\" class=\"elementor elementor-2431\">\n\t\t\t\t\t\t\t\t\t<section class=\"elementor-section elementor-top-section elementor-element elementor-element-645347b elementor-section-full_width elementor-section-stretched elementor-section-height-default elementor-section-height-default wpr-particle-no wpr-jarallax-no wpr-parallax-no wpr-sticky-section-no\" data-id=\"645347b\" data-element_type=\"section\" data-settings=\"{&quot;stretch_section&quot;:&quot;section-stretched&quot;}\">\n\t\t\t\t\t\t<div class=\"elementor-container elementor-column-gap-no\">\n\t\t\t\t\t<div class=\"elementor-column elementor-col-100 elementor-top-column elementor-element elementor-element-0cfd90c\" data-id=\"0cfd90c\" data-element_type=\"column\">\n\t\t\t<div class=\"elementor-widget-wrap elementor-element-populated\">\n\t\t\t\t\t\t\t\t<div class=\"elementor-element elementor-element-81a8b5d elementor-widget elementor-widget-prime-slider-general\" data-id=\"81a8b5d\" data-element_type=\"widget\" data-widget_type=\"prime-slider-general.default\">\n\t\t\t\t<div class=\"elementor-widget-container\">\n\t\t\t\t\t<div class=\"bdt-prime-slider\">\n\t\t\t<div class=\"bdt-prime-slider-skin-general\">\n\t\t\t\t<div class=\"bdt-position-relative bdt-visible-toggle\" bdt-slideshow=\"{&quot;animation&quot;:&quot;fade&quot;,&quot;ratio&quot;:&quot;16:9&quot;,&quot;min-height&quot;:480,&quot;autoplay&quot;:true,&quot;autoplay-interval&quot;:7000,&quot;pause-on-hover&quot;:false,&quot;draggable&quot;:true,&quot;velocity&quot;:1,&quot;finite&quot;:false}\" data-settings=\"{&quot;id&quot;:&quot;#bdt-81a8b5d&quot;,&quot;animation_status&quot;:&quot;no&quot;}\" id=\"bdt-81a8b5d\">\n\t\t\t\t\t<ul class=\"bdt-slideshow-items\">\n\t\t\t\t\t\n\t\t\t<li class=\"bdt-slideshow-item bdt-flex bdt-flex-middle bdt-flex-center elementor-repeater-item-5d21422\">\n\t\t\t\t\t\t\t\t\t<div class=\"bdt-position-cover bdt-animation-kenburns bdt-transform-origin-center-left\">\n\t\t\t\t\t\n\t\t\t\t\t\t\t\t\t\t\t\n\t\t<div class=\"bdt-ps-slide-img\" style=\"background-image: url('https:\/\/ekorural4stem.eu\/wp-content\/uploads\/2023\/11\/Snimka-zaslona-2023-11-16-101010.png')\"><\/div>\n\n\t\t\t\t\t\t\n\t\t\t\t\t\t\t\t\t\t<\/div>\n\t\t\t\t\n\t\t\t\t\n\t\t\t\t\t\t<div class=\"bdt-position-z-index bdt-position-large\">\n\t\t\t<div class=\"bdt-prime-slider-wrapper\">\n\t\t\t\t<div class=\"bdt-prime-slider-content\">\n\t\t\t\t\t<div class=\"bdt-prime-slider-desc\">\n\n\t\t\t\t\t\t\n\t\t\t\t\t\t\t\t\t\t\t\t\t<div data-reveal=\"reveal-active\" class=\"bdt-main-title\" data-bdt-slideshow-parallax=\"x: 100,0,-20; opacity: 1,1,0\">\n\t\t\t\t\t\t\t\t<h1 class=\"bdt-title-tag\">\n\t\t\t\t\t\t\t\t\t\t\t\t\t\t\t\t\t\t\tThe closing conference of the project \u201cStrengthening STEM skills through ecology in the Elementary school Zrinskih Nu\u0161tar\u201d (EKO-RURAL4STEM) was held\t\t\t\t\t\t\t\t\t\t\t\t\t\t\t\t\t\t<\/h1>\n\t\t\t\t\t\t\t<\/div>\n\t\t\t\t\t\t\n\t\t\t\t\t\t\n\t\t\t\t\t\t<div data-bdt-slideshow-parallax=\"x: 150,0,-30; opacity: 1,1,0\">\n\t\t\t\t\t\t\t<div class=\"bdt-btn-wrapper\">\n\t\t\t\t\t\t\t\t\n\t\t\t\t\t\t\t\t\t<\/div>\n\t\t\t\t\t\t<\/div>\n\t\t\t\t\t<\/div>\n\n\t\t\t\t\t\n\t\t\t\t<\/div>\n\t\t\t<\/div>\n\t\t<\/div>\n\t\t\t\t\t<\/li>\n\n\n\t\t\t\t\t<\/ul>\n\t\t\t\t\t\n\t\t\n\t\t\t\t\t\t\n\t\t\n\t\t\t\t\t<\/div>\n\t\t\t\t\t\t\t\t\t\t\t<\/div>\n\t\t<\/div>\n\t\t\t<\/div>\n\t\t\t\t<\/div>\n\t\t\t\t\t<\/div>\n\t\t<\/div>\n\t\t\t\t\t\t\t<\/div>\n\t\t<\/section>\n\t\t\t\t<section class=\"elementor-section elementor-top-section elementor-element elementor-element-cbad4b4 elementor-section-full_width elementor-section-stretched elementor-section-height-default elementor-section-height-default wpr-particle-no wpr-jarallax-no wpr-parallax-no wpr-sticky-section-no\" data-id=\"cbad4b4\" data-element_type=\"section\" data-settings=\"{&quot;stretch_section&quot;:&quot;section-stretched&quot;,&quot;background_background&quot;:&quot;classic&quot;}\">\n\t\t\t\t\t\t<div class=\"elementor-container elementor-column-gap-no\">\n\t\t\t\t\t<div class=\"elementor-column elementor-col-100 elementor-top-column elementor-element elementor-element-c3b670d\" data-id=\"c3b670d\" data-element_type=\"column\">\n\t\t\t<div class=\"elementor-widget-wrap elementor-element-populated\">\n\t\t\t\t\t\t\t\t<div class=\"elementor-element elementor-element-a7f5b40 elementor-widget elementor-widget-eael-content-ticker\" data-id=\"a7f5b40\" data-element_type=\"widget\" data-widget_type=\"eael-content-ticker.default\">\n\t\t\t\t<div class=\"elementor-widget-container\">\n\t\t\t<div class=\"eael-ticker-wrap\" id=\"eael-ticker-wrap-a7f5b40\"><div class=\"ticker-badge\">\n                    <span>Trending<\/span>\n                <\/div><div class=\"swiper-container-wrap eael-ticker\">\n                <div class=\"swiper-container eael-content-ticker swiper-container-a7f5b40\" data-pagination=\".swiper-pagination-a7f5b40\" data-arrow-next=\".swiper-button-next-a7f5b40\" data-arrow-prev=\".swiper-button-prev-a7f5b40\" data-effect=\"slide\" data-speed=\"400\" data-autoplay=\"2000\" data-loop=\"1\" data-arrows=\"1\">\n                    <div class=\"swiper-wrapper\"><div class=\"swiper-slide\">\n        <div class=\"ticker-content\">\n            <a href=\"https:\/\/ekorural4stem.eu\/en\/odrzana-zavrsna-konferencija-projekta-jacanje-stem-vjestina-kroz-ekologiju-u-osnovnoj-skoli-zrinskih-nustar-eko-rural4stem\/\" class=\"ticker-content-link\">The closing conference of the project \u201cStrengthening STEM skills through ecology in the Elementary school Zrinskih Nu\u0161tar\u201d (EKO-RURAL4STEM) was held<\/a>\n        <\/div>\n    <\/div><div class=\"swiper-slide\">\n        <div class=\"ticker-content\">\n            <a href=\"https:\/\/ekorural4stem.eu\/en\/posjet-ucenika-sumarskom-muzeju\/\" class=\"ticker-content-link\">Visit to the Forestry Museum in Bo\u0161njaci and Wood-Technology Centre in Gradi\u0161te<\/a>\n        <\/div>\n    <\/div><div class=\"swiper-slide\">\n        <div class=\"ticker-content\">\n            <a href=\"https:\/\/ekorural4stem.eu\/en\/posjet-ucenika-poljoprivredno-poduzetnickom-inkubatoru-drenovci\/\" class=\"ticker-content-link\">School trip to Agricultural Entrepreneurial Incubator Drenovci<\/a>\n        <\/div>\n    <\/div><div class=\"swiper-slide\">\n        <div class=\"ticker-content\">\n            <a href=\"https:\/\/ekorural4stem.eu\/en\/odrzali-smo-radionicu-nastava-pomocu-3d-modela-za-nastavnike\/\" class=\"ticker-content-link\">Workshop \u201eTeaching with 3D models\u201c was held for our teachers!<\/a>\n        <\/div>\n    <\/div><\/div>\n\t\t\t\t<\/div>\n\t\t\t\t<div class=\"content-ticker-pagination\"><div class=\"swiper-button-next swiper-button-next-a7f5b40\"><i class=\"fas fa-angle-right\"><\/i><\/div><div class=\"swiper-button-prev swiper-button-prev-a7f5b40\"><i class=\"fas fa-angle-left\"><\/i><\/div><\/div>\n\t\t\t<\/div>\n\t\t<\/div>\t\t<\/div>\n\t\t\t\t<\/div>\n\t\t\t\t<div class=\"elementor-element elementor-element-308fb75 section-title-style-default meta-visibility-show title_position_default title_hover_border_default title-default img_hover_animation_default meta_position_default tpg-category-position-default readmore-btn-default-style grid-hover-overlay-type-always grid-hover-overlay-height-default hover-overlay-height-default tpg-border-bottom-disable elementor-widget elementor-widget-tpg-grid-hover-layout\" data-id=\"308fb75\" data-element_type=\"widget\" data-widget_type=\"tpg-grid-hover-layout.default\">\n\t\t\t\t<div class=\"elementor-widget-container\">\n\t\t\t\r\n        <div class=\"rt-container-fluid rt-tpg-container tpg-el-main-wrapper grid_hover-layout1-main\"\r\n             id=\"rt-tpg-container-531298721\"\r\n             data-layout=\"grid_hover-layout1\"\r\n             data-sc-id=\"elementor\"\r\n             data-el-settings=''\r\n             data-el-query=''\r\n             data-el-path=''\r\n        >\r\n\t\t\t<div class='tpg-header-wrapper'>\r\n        <div class=\"tpg-widget-heading-wrapper rt-clear heading-default\">\r\n            <span class=\"tpg-widget-heading-line line-left\"><\/span>\r\n\r\n\t\t\t<h2 class='tpg-widget-heading'>\r\n\t\t\t\r\n\t\t\t\t                    <span>\r\n                                            <\/span>\r\n\t\t\t\t\t\r\n\t\t\t\t\t\t\t<\/h2>            <span class=\"tpg-widget-heading-line line-right\"><\/span>\r\n\r\n\t\t\t\r\n        <\/div>\r\n\r\n\t\t\r\n\t\t<\/div>\r\n            <div data-title=\"Loading ...\"\r\n                 class=\"rt-row rt-content-loader grid_hover-layout1 tpg-even grid-behaviour grid_hover_layout_wrapper\">\r\n\t\t\t\t\r\n<div class=\"rt-col-md-4 rt-col-sm-6 rt-col-xs-12 default rt-grid-hover-item rt-grid-item\" data-id=\"2431\">\r\n\t<div class=\"rt-holder tpg-post-holder\">\r\n\t\t<div class=\"rt-detail rt-el-content-wrapper\">\r\n\t\t\t\t\t\t\t<div class=\"rt-img-holder tpg-el-image-wrap has-thumbnail\">\r\n\t\t\t\t\t<a data-id=\"2431\" href=\"https:\/\/ekorural4stem.eu\/en\/odrzana-zavrsna-konferencija-projekta-jacanje-stem-vjestina-kroz-ekologiju-u-osnovnoj-skoli-zrinskih-nustar-eko-rural4stem\/\" class=\"tpg-post-link\" target=\"_self\">                        <img loading=\"lazy\" decoding=\"async\" src=\"https:\/\/ekorural4stem.eu\/wp-content\/uploads\/2024\/04\/Naslovna_DSC_0058-768x515.jpg\"\r\n                             class=\"rt-img-responsive\"\r\n                             width=\"768\"\r\n                             height=\"515\"\r\n                             alt=\"Odr\u017eana zavr\u0161na konferencija projekta Ja\u010danje STEM vje\u0161tina kroz ekologiju u Osnovnoj \u0161koli Zrinskih Nu\u0161tar (EKO-RURAL4STEM)\">\r\n\t\t\t\t\t\t\r\n\t\t\t\t\t\t\t\r\n\t\t<\/a>\r\n\t\t        <div class=\"overlay grid-hover-content\"><\/div>\r\n\t\t\t\t\t\t<\/div>\r\n\t\t\t\r\n\t\t\t<div class=\"grid-hover-content\">\r\n\t\t\t\t<div class=\"entry-title-wrapper\"><h3 class=\"entry-title\"><a data-id=\"2431\" href=\"https:\/\/ekorural4stem.eu\/en\/odrzana-zavrsna-konferencija-projekta-jacanje-stem-vjestina-kroz-ekologiju-u-osnovnoj-skoli-zrinskih-nustar-eko-rural4stem\/\" class=\"tpg-post-link\" target=\"_self\">The closing conference of the project \u201cStrengthening STEM skills through ecology in the Elementary school Zrinskih Nu\u0161tar\u201d (EKO-RURAL4STEM) was held<\/a><\/h3><\/div>\r\n\t\t\t\t\t\t\t\t\t<div class=\"post-meta-tags rt-el-post-meta\">\r\n\t\t\t\t\t\t            <span class='date'>\r\n\r\n\t\t\t\t<i class='flaticon-tpg-calendar'><\/i>\t\t\t\t<a href=\"https:\/\/ekorural4stem.eu\/en\/2024\/04\/19\/\">\r\n\t\t\t\t\tApril 19, 2024\t\t\t\t<\/a>\r\n\t\t\t<\/span>\r\n\t\t\t            <span class='categories-links'>\r\n\t\t\t\t<i class='flaticon-tpg-folder'><\/i><a class=\"vijesti\" href=\"https:\/\/ekorural4stem.eu\/en\/category\/vijesti\/\">NEWS<\/a>\r\n\t\t\t<\/span>\r\n\t\t\t\t\t\t\t\t<\/div>\r\n\t\t\t\t\r\n\t\t\t\t\t\t\t\t\t<div class=\"tpg-excerpt tpg-el-excerpt\">\r\n\t\t\t\t\t\t\t\t\t\t\t\t\t<div class=\"tpg-excerpt-inner\">\r\n\t\t\t\t\t\t\t\tThe closing conference of the project \u201cStrengthening STEM skills through ecology in the Elementary school Zrinskih Nu\u0161tar\u201d was held\t\t\t\t\t\t\t<\/div>\r\n\t\t\t\t\t\t\t\t\t\t\t\t\t\t\t\t\t<\/div>\r\n\t\t\t\t\r\n\t\t\t\t        <div class=\"post-footer\">\r\n            <div class=\"post-footer\">\r\n                <div class=\"read-more\">\r\n\t\t\t\t\t<a data-id=\"2431\" href=\"https:\/\/ekorural4stem.eu\/en\/odrzana-zavrsna-konferencija-projekta-jacanje-stem-vjestina-kroz-ekologiju-u-osnovnoj-skoli-zrinskih-nustar-eko-rural4stem\/\" class=\"tpg-post-link\" target=\"_self\">Read more<\/a>                <\/div>\r\n            <\/div>\r\n        <\/div>\r\n\t\t\t\t\t<\/div>\r\n\t\t<\/div>\r\n\t<\/div>\r\n<\/div>\r\n\r\n<div class=\"rt-col-md-4 rt-col-sm-6 rt-col-xs-12 default rt-grid-hover-item rt-grid-item\" data-id=\"2413\">\r\n\t<div class=\"rt-holder tpg-post-holder\">\r\n\t\t<div class=\"rt-detail rt-el-content-wrapper\">\r\n\t\t\t\t\t\t\t<div class=\"rt-img-holder tpg-el-image-wrap has-thumbnail\">\r\n\t\t\t\t\t<a data-id=\"2413\" href=\"https:\/\/ekorural4stem.eu\/en\/posjet-ucenika-sumarskom-muzeju\/\" class=\"tpg-post-link\" target=\"_self\">                        <img loading=\"lazy\" decoding=\"async\" src=\"https:\/\/ekorural4stem.eu\/wp-content\/uploads\/2024\/03\/naslovna-min-1-768x576.jpg\"\r\n                             class=\"rt-img-responsive\"\r\n                             width=\"768\"\r\n                             height=\"576\"\r\n                             alt=\"Posjet u\u010denika \u0160umarskom muzeju u Bo\u0161njacima i Drvno-tehnolo\u0161kom centru u Gradi\u0161tu\">\r\n\t\t\t\t\t\t\r\n\t\t\t\t\t\t\t\r\n\t\t<\/a>\r\n\t\t        <div class=\"overlay grid-hover-content\"><\/div>\r\n\t\t\t\t\t\t<\/div>\r\n\t\t\t\r\n\t\t\t<div class=\"grid-hover-content\">\r\n\t\t\t\t<div class=\"entry-title-wrapper\"><h3 class=\"entry-title\"><a data-id=\"2413\" href=\"https:\/\/ekorural4stem.eu\/en\/posjet-ucenika-sumarskom-muzeju\/\" class=\"tpg-post-link\" target=\"_self\">Visit to the Forestry Museum in Bo\u0161njaci and Wood-Technology Centre in Gradi\u0161te<\/a><\/h3><\/div>\r\n\t\t\t\t\t\t\t\t\t<div class=\"post-meta-tags rt-el-post-meta\">\r\n\t\t\t\t\t\t            <span class='date'>\r\n\r\n\t\t\t\t<i class='flaticon-tpg-calendar'><\/i>\t\t\t\t<a href=\"https:\/\/ekorural4stem.eu\/en\/2024\/03\/18\/\">\r\n\t\t\t\t\tMarch 18, 2024\t\t\t\t<\/a>\r\n\t\t\t<\/span>\r\n\t\t\t            <span class='categories-links'>\r\n\t\t\t\t<i class='flaticon-tpg-folder'><\/i><a class=\"vijesti\" href=\"https:\/\/ekorural4stem.eu\/en\/category\/vijesti\/\">NEWS<\/a>\r\n\t\t\t<\/span>\r\n\t\t\t\t\t\t\t\t<\/div>\r\n\t\t\t\t\r\n\t\t\t\t\t\t\t\t\t<div class=\"tpg-excerpt tpg-el-excerpt\">\r\n\t\t\t\t\t\t\t\t\t\t\t\t\t<div class=\"tpg-excerpt-inner\">\r\n\t\t\t\t\t\t\t\tVisit to the Forestry Museum in Bo\u0161njaci and Wood-Technology Centre in Gradi\u0161te\t\t\t\t\t\t\t<\/div>\r\n\t\t\t\t\t\t\t\t\t\t\t\t\t\t\t\t\t<\/div>\r\n\t\t\t\t\r\n\t\t\t\t        <div class=\"post-footer\">\r\n            <div class=\"post-footer\">\r\n                <div class=\"read-more\">\r\n\t\t\t\t\t<a data-id=\"2413\" href=\"https:\/\/ekorural4stem.eu\/en\/posjet-ucenika-sumarskom-muzeju\/\" class=\"tpg-post-link\" target=\"_self\">Read more<\/a>                <\/div>\r\n            <\/div>\r\n        <\/div>\r\n\t\t\t\t\t<\/div>\r\n\t\t<\/div>\r\n\t<\/div>\r\n<\/div>\r\n\r\n<div class=\"rt-col-md-4 rt-col-sm-6 rt-col-xs-12 default rt-grid-hover-item rt-grid-item\" data-id=\"2398\">\r\n\t<div class=\"rt-holder tpg-post-holder\">\r\n\t\t<div class=\"rt-detail rt-el-content-wrapper\">\r\n\t\t\t\t\t\t\t<div class=\"rt-img-holder tpg-el-image-wrap has-thumbnail\">\r\n\t\t\t\t\t<a data-id=\"2398\" href=\"https:\/\/ekorural4stem.eu\/en\/posjet-ucenika-poljoprivredno-poduzetnickom-inkubatoru-drenovci\/\" class=\"tpg-post-link\" target=\"_self\">                        <img loading=\"lazy\" decoding=\"async\" src=\"https:\/\/ekorural4stem.eu\/wp-content\/uploads\/2024\/03\/naslovna-min-768x576.jpg\"\r\n                             class=\"rt-img-responsive\"\r\n                             width=\"768\"\r\n                             height=\"576\"\r\n                             alt=\"Posjet u\u010denika POLJOPRIVREDNO PODUZETNI\u010cKOM INKUBATORU DRENOVCI\">\r\n\t\t\t\t\t\t\r\n\t\t\t\t\t\t\t\r\n\t\t<\/a>\r\n\t\t        <div class=\"overlay grid-hover-content\"><\/div>\r\n\t\t\t\t\t\t<\/div>\r\n\t\t\t\r\n\t\t\t<div class=\"grid-hover-content\">\r\n\t\t\t\t<div class=\"entry-title-wrapper\"><h3 class=\"entry-title\"><a data-id=\"2398\" href=\"https:\/\/ekorural4stem.eu\/en\/posjet-ucenika-poljoprivredno-poduzetnickom-inkubatoru-drenovci\/\" class=\"tpg-post-link\" target=\"_self\">School trip to Agricultural Entrepreneurial Incubator Drenovci<\/a><\/h3><\/div>\r\n\t\t\t\t\t\t\t\t\t<div class=\"post-meta-tags rt-el-post-meta\">\r\n\t\t\t\t\t\t            <span class='date'>\r\n\r\n\t\t\t\t<i class='flaticon-tpg-calendar'><\/i>\t\t\t\t<a href=\"https:\/\/ekorural4stem.eu\/en\/2024\/03\/12\/\">\r\n\t\t\t\t\tMarch 12, 2024\t\t\t\t<\/a>\r\n\t\t\t<\/span>\r\n\t\t\t            <span class='categories-links'>\r\n\t\t\t\t<i class='flaticon-tpg-folder'><\/i><a class=\"vijesti\" href=\"https:\/\/ekorural4stem.eu\/en\/category\/vijesti\/\">NEWS<\/a>\r\n\t\t\t<\/span>\r\n\t\t\t\t\t\t\t\t<\/div>\r\n\t\t\t\t\r\n\t\t\t\t\t\t\t\t\t<div class=\"tpg-excerpt tpg-el-excerpt\">\r\n\t\t\t\t\t\t\t\t\t\t\t\t\t<div class=\"tpg-excerpt-inner\">\r\n\t\t\t\t\t\t\t\tOur 1st year pupils visited the 1st specialised entrepreneurial incubator in agriculture...\t\t\t\t\t\t\t<\/div>\r\n\t\t\t\t\t\t\t\t\t\t\t\t\t\t\t\t\t<\/div>\r\n\t\t\t\t\r\n\t\t\t\t        <div class=\"post-footer\">\r\n            <div class=\"post-footer\">\r\n                <div class=\"read-more\">\r\n\t\t\t\t\t<a data-id=\"2398\" href=\"https:\/\/ekorural4stem.eu\/en\/posjet-ucenika-poljoprivredno-poduzetnickom-inkubatoru-drenovci\/\" class=\"tpg-post-link\" target=\"_self\">Read more<\/a>                <\/div>\r\n            <\/div>\r\n        <\/div>\r\n\t\t\t\t\t<\/div>\r\n\t\t<\/div>\r\n\t<\/div>\r\n<\/div>\r\n            <\/div>\r\n\r\n\t\t\t        <\/div>\r\n\t\t\t\t<\/div>\n\t\t\t\t<\/div>\n\t\t\t\t\t<\/div>\n\t\t<\/div>\n\t\t\t\t\t\t\t<\/div>\n\t\t<\/section>\n\t\t\t\t<section class=\"elementor-section elementor-top-section elementor-element elementor-element-8c1f854 elementor-section-boxed elementor-section-height-default elementor-section-height-default wpr-particle-no wpr-jarallax-no wpr-parallax-no wpr-sticky-section-no\" data-id=\"8c1f854\" data-element_type=\"section\">\n\t\t\t\t\t\t<div class=\"elementor-container elementor-column-gap-default\">\n\t\t\t\t\t<div class=\"elementor-column elementor-col-100 elementor-top-column elementor-element elementor-element-696c1f5\" data-id=\"696c1f5\" data-element_type=\"column\">\n\t\t\t<div class=\"elementor-widget-wrap elementor-element-populated\">\n\t\t\t\t\t\t\t\t<div class=\"elementor-element elementor-element-c535742 elementor-widget elementor-widget-spacer\" data-id=\"c535742\" data-element_type=\"widget\" data-widget_type=\"spacer.default\">\n\t\t\t\t<div class=\"elementor-widget-container\">\n\t\t\t<style>\/*! elementor - v3.16.0 - 14-09-2023 *\/\n.elementor-column .elementor-spacer-inner{height:var(--spacer-size)}.e-con{--container-widget-width:100%}.e-con-inner>.elementor-widget-spacer,.e-con>.elementor-widget-spacer{width:var(--container-widget-width,var(--spacer-size));--align-self:var(--container-widget-align-self,initial);--flex-shrink:0}.e-con-inner>.elementor-widget-spacer>.elementor-widget-container,.e-con>.elementor-widget-spacer>.elementor-widget-container{height:100%;width:100%}.e-con-inner>.elementor-widget-spacer>.elementor-widget-container>.elementor-spacer,.e-con>.elementor-widget-spacer>.elementor-widget-container>.elementor-spacer{height:100%}.e-con-inner>.elementor-widget-spacer>.elementor-widget-container>.elementor-spacer>.elementor-spacer-inner,.e-con>.elementor-widget-spacer>.elementor-widget-container>.elementor-spacer>.elementor-spacer-inner{height:var(--container-widget-height,var(--spacer-size))}.e-con-inner>.elementor-widget-spacer.elementor-widget-empty,.e-con>.elementor-widget-spacer.elementor-widget-empty{position:relative;min-height:22px;min-width:22px}.e-con-inner>.elementor-widget-spacer.elementor-widget-empty .elementor-widget-empty-icon,.e-con>.elementor-widget-spacer.elementor-widget-empty .elementor-widget-empty-icon{position:absolute;top:0;bottom:0;left:0;right:0;margin:auto;padding:0;width:22px;height:22px}<\/style>\t\t<div class=\"elementor-spacer\">\n\t\t\t<div class=\"elementor-spacer-inner\"><\/div>\n\t\t<\/div>\n\t\t\t\t<\/div>\n\t\t\t\t<\/div>\n\t\t\t\t<div class=\"elementor-element elementor-element-320853c elementor-widget elementor-widget-text-editor\" data-id=\"320853c\" data-element_type=\"widget\" data-widget_type=\"text-editor.default\">\n\t\t\t\t<div class=\"elementor-widget-container\">\n\t\t\t<style>\/*! elementor - v3.16.0 - 14-09-2023 *\/\n.elementor-widget-text-editor.elementor-drop-cap-view-stacked .elementor-drop-cap{background-color:#69727d;color:#fff}.elementor-widget-text-editor.elementor-drop-cap-view-framed .elementor-drop-cap{color:#69727d;border:3px solid;background-color:transparent}.elementor-widget-text-editor:not(.elementor-drop-cap-view-default) .elementor-drop-cap{margin-top:8px}.elementor-widget-text-editor:not(.elementor-drop-cap-view-default) .elementor-drop-cap-letter{width:1em;height:1em}.elementor-widget-text-editor .elementor-drop-cap{float:left;text-align:center;line-height:1;font-size:50px}.elementor-widget-text-editor .elementor-drop-cap-letter{display:inline-block}<\/style>\t\t\t\t<p><strong>The closing conference of the project \u201cStrengthening STEM skills through ecology in the Elementary school Zrinskih Nu\u0161tar\u201d (EKO-RURAL4STEM) was held<\/strong><\/p><p>On April 16th, 2024, in Elementary school Zrinskih Nu\u0161tar the closing conference of the project \u201cStrengthening STEM skills through ecology in the Elementary school Zrinskih Nu\u0161tar\u201d (EKO-RURAL4STEM) was held.<\/p><p>Elementary school Zrinskih Nu\u0161tar started implementing the project \u201cStrengthening STEM skills through ecology in the Elementary school Zrinskih Nu\u0161tar\u201d (EKO-RURAL4STEM) on August 1st, 2022, which is 100% funded within the EEA Financial Mechanism 2014-2021.<\/p><p>Total value of the project is 738.061,54 EUR (5.560.926,64 kn) and it will last until April 30th 2024. The project holder is Elementary school Zrinskih Nu\u0161tar, and the project partners are Competence Centre Ltd. for research and development, Agricultural and Forestry school Vinkovci and Department of Electronic Systems, Norwegian University of Science and Technology.<\/p><p>The project EKO-RURAL4STEM aims to familiarize the STEM (science, technology, engineering, and mathematics) topics to students and educational workers in an innovative way, through ecology. All participants will, while perfecting their STEM skills, increase their awareness about the importance of environmental protection, preserving the biodiversity and the effects of climate changes on the whole ecosystem.<\/p><p>The aim of the project was to improve the STEM skills of 35 teachers and other educational workers through 15 educations in order to apply STEM learning approach during regular classes and to develop and implement it in extracurricular activities and workshops. The project was predicted to include more than 200 students involved in extracurricular activities for STEM skills, ICT, entrepreneurship and active citizenship. In previous training activities, a total of 42 teachers took part, while over 270 students took part in STEM, ICT, entrepreneurship and active citizenship activities. Elementary school Zrinskih Nu\u0161tar has exceeded all the set indicators of the project. The active participation of the entire team in all activities of the project shows the commitment of the Elementary School Zrinskih Nu\u0161tar team and the awareness of the importance of modern STEM education among the school employees and students.<\/p><p>Elementary school Zrinskih Nu\u0161tar has completely adapted and equipped 4 multimedia classrooms with new furniture and modern ICT equipment. Almost EUR 75,000.00 was invested in the adaptation of school premises in 3 locations - Nu\u0161tar, Ceri\u0107, Marinci.<\/p><p>Over EUR 350,000.00 was spent on furniture, ICT equipment, didactic equipment and materials in the project activities. As many as 76 new computers, 10 laptops, 4 smart boards, 2 3D printers, 20 VR sets, 1 drone, a smart system for growing plants, 17 microscopes, 1 telescope, 1 meteorological station, audio-visual equipment for holding workshops, school furniture, student storage lockers, and numerous didactic equipment and materials for robotics, informatics, biology, technical culture, geography, chemistry were acquired through the project, which will improve the teaching process and enable students to get acquainted with modern technologies.<\/p><p>New extracurricular programs in the fields of biology, forestry, geography, robotics and informatics are available to students from this school year, and given the interest of students, the implementation of the program will continue in the future. Within the project, 7 new extracurricular programs were developed (\"Informatics in special departments\" for students with special educational needs from 1st  to 4th  grade, \"Informatics in special departments\" for students with special educational needs from 5th  to 8th  grade, \"STEM in growing plants\" for students from 1st  to 4th  grade, \"STEM in growing plants\" for students from 5th  to 8th  grade, \"About the forest, in the forest, for the forest\" for students in 1st  grade, \"About the forest , in the forest, for the forest\" for students in 5th  and 6th  grade, and \"Young Meteorologists\" for students from 6th  to 8th  grade).<\/p>\t\t\t\t\t\t<\/div>\n\t\t\t\t<\/div>\n\t\t\t\t\t<\/div>\n\t\t<\/div>\n\t\t\t\t\t\t\t<\/div>\n\t\t<\/section>\n\t\t\t\t<section class=\"elementor-section elementor-top-section elementor-element elementor-element-f3fbbd7 elementor-section-boxed elementor-section-height-default elementor-section-height-default wpr-particle-no wpr-jarallax-no wpr-parallax-no wpr-sticky-section-no\" data-id=\"f3fbbd7\" data-element_type=\"section\">\n\t\t\t\t\t\t<div class=\"elementor-container elementor-column-gap-default\">\n\t\t\t\t\t<div class=\"elementor-column elementor-col-100 elementor-top-column elementor-element elementor-element-4e1d02b\" data-id=\"4e1d02b\" data-element_type=\"column\">\n\t\t\t<div class=\"elementor-widget-wrap elementor-element-populated\">\n\t\t\t\t\t\t\t\t<div class=\"elementor-element elementor-element-61f9867 elementor-widget elementor-widget-modula_elementor_gallery\" data-id=\"61f9867\" data-element_type=\"widget\" data-widget_type=\"modula_elementor_gallery.default\">\n\t\t\t\t<div class=\"elementor-widget-container\">\n\t\t\t<style>#jtg-2445 .modula-item .jtg-social a, .lightbox-socials.jtg-social a{ color: #ffffff }#jtg-2445 .modula-item .jtg-social svg, .lightbox-socials.jtg-social svg { height: 16px; width: 16px }#jtg-2445 .modula-item .jtg-social a:not(:last-child), .lightbox-socials.jtg-social a:not(:last-child) { margin-right: 10px }#jtg-2445 .modula-item .figc {color:#ffffff;}#jtg-2445 .modula-item .modula-item-content { transform: scale(1) }#jtg-2445 { width:100%;}#jtg-2445 .modula-items{height:800px;}@media screen and (max-width: 992px) {#jtg-2445 .modula-items{height:800px;}}@media screen and (max-width: 768px) {#jtg-2445 .modula-items{height:800px;}}#jtg-2445 .modula-items .figc p.description { font-size:14px; }#jtg-2445 .modula-items .figc p.description { color:#ffffff;}#jtg-2445.modula-gallery .modula-item > a, #jtg-2445.modula-gallery .modula-item, #jtg-2445.modula-gallery .modula-item-content > a:not(.modula-no-follow) { cursor:zoom-in; } #jtg-2445.modula-gallery .modula-item-content .modula-no-follow { cursor: default; } @media screen and (max-width:480px){#jtg-2445 .modula-item .figc .jtg-title {  font-size: 12px; }#jtg-2445 .modula-items .figc p.description { color:#ffffff;font-size:10px; }}<\/style>\n<!-- Gallery Container -->\n<div  id=\"jtg-2445\" class=\"modula modula-gallery modula-creative-gallery\" data-config=\"{&quot;height&quot;:800,&quot;tabletHeight&quot;:800,&quot;mobileHeight&quot;:800,&quot;desktopHeight&quot;:800,&quot;enableTwitter&quot;:false,&quot;enableWhatsapp&quot;:false,&quot;enableFacebook&quot;:false,&quot;enablePinterest&quot;:false,&quot;enableLinkedin&quot;:false,&quot;enableEmail&quot;:false,&quot;randomFactor&quot;:0.5,&quot;type&quot;:&quot;creative-gallery&quot;,&quot;columns&quot;:12,&quot;gutter&quot;:10,&quot;mobileGutter&quot;:10,&quot;tabletGutter&quot;:10,&quot;desktopGutter&quot;:10,&quot;enableResponsive&quot;:&quot;0&quot;,&quot;tabletColumns&quot;:&quot;2&quot;,&quot;mobileColumns&quot;:&quot;1&quot;,&quot;lazyLoad&quot;:&quot;1&quot;,&quot;lightboxOpts&quot;:{&quot;loop&quot;:false,&quot;arrows&quot;:true,&quot;toolbar&quot;:true,&quot;keyboard&quot;:true,&quot;wheel&quot;:false,&quot;buttons&quot;:[&quot;close&quot;],&quot;hash&quot;:false,&quot;lang&quot;:&quot;en&quot;,&quot;touch&quot;:false,&quot;protect&quot;:false,&quot;i18n&quot;:{&quot;en&quot;:{&quot;CLOSE&quot;:&quot;Close&quot;,&quot;NEXT&quot;:&quot;Next&quot;,&quot;PREV&quot;:&quot;Previous&quot;,&quot;Error&quot;:&quot;The requested content cannot be loaded. Please try again later.&quot;,&quot;PLAY_START&quot;:&quot;Start slideshow&quot;,&quot;PLAY_STOP&quot;:&quot;Pause slideshow&quot;,&quot;FULL_SCREEN&quot;:&quot;Full screen&quot;,&quot;THUMBS&quot;:&quot;Thumbnails&quot;,&quot;DOWNLOAD&quot;:&quot;Download&quot;,&quot;SHARE&quot;:&quot;Share&quot;,&quot;ZOOM&quot;:&quot;Zoom&quot;}},&quot;clickSlide&quot;:false,&quot;clickOutside&quot;:false,&quot;dblclickContent&quot;:false,&quot;dblclickSlide&quot;:false,&quot;dblclickOutside&quot;:false,&quot;clickContent&quot;:false,&quot;baseTpl&quot;:&quot;&lt;div class=\\&quot;modula-fancybox-container modula-lightbox-jtg-2445\\&quot; role=\\&quot;dialog\\&quot; tabindex=\\&quot;-1\\&quot;&gt;&lt;div class=\\&quot;modula-fancybox-bg\\&quot;&gt;&lt;\\\/div&gt;&lt;div class=\\&quot;modula-fancybox-inner\\&quot;&gt;&lt;div class=\\&quot;modula-fancybox-infobar\\&quot;&gt;&lt;span data-fancybox-index&gt;&lt;\\\/span&gt;&nbsp;\\\/&nbsp;&lt;span data-fancybox-count&gt;&lt;\\\/span&gt;&lt;\\\/div&gt;&lt;div class=\\&quot;modula-fancybox-toolbar\\&quot;&gt;{{buttons}}&lt;\\\/div&gt;&lt;div class=\\&quot;modula-fancybox-navigation\\&quot;&gt;{{arrows}}&lt;\\\/div&gt;&lt;div class=\\&quot;modula-fancybox-stage\\&quot;&gt;&lt;\\\/div&gt;&lt;div class=\\&quot;modula-fancybox-caption\\&quot;&gt;&lt;div class=\\&quot;modula-fancybox-caption__body\\&quot;&gt;&lt;\\\/div&gt;&lt;\\\/div&gt;&lt;\\\/div&gt;&lt;\\\/div&gt;&quot;},&quot;inView&quot;:false,&quot;email_subject&quot;:&quot;Check out this awesome image !!&quot;,&quot;email_message&quot;:&quot;Here is the link to the image : %%image_link%% and this is the link to the gallery : %%gallery_link%%&quot;,&quot;lightbox&quot;:&quot;fancybox&quot;}\">\n\n\t\n\t<!-- Items Container -->\n\t<div  class=\"modula-items\">\n\t\t<div class=\"modula-item effect-pufrobo\" >\n\t<div class=\"modula-item-overlay\"><\/div>\n\n\t<div class=\"modula-item-content\">\n\n\t\t\t\t\n\t\t\t\t\t<a data-image-id=\"2446\" data-elementor-open-lightbox=\"no\" rel=\"jtg-2445\" data-caption=\"\" aria-label=\"Open image in lightbox\" class=\"tile-inner modula-item-link\"><\/a>\n\t\t\n\t\t<img class=\"pic wp-image-2446 lazyload\"  data-valign=\"middle\" data-halign=\"center\" alt=\"\" data-full=\"https:\/\/ekorural4stem.eu\/wp-content\/uploads\/2024\/04\/DSC_0055.jpg\" title=\"DSC_0055\" width=\"2560\" height=\"1717\" data-src=\"https:\/\/ekorural4stem.eu\/wp-content\/uploads\/2024\/04\/DSC_0055.jpg\" data-caption=\"\" data-source=\"modula\"\/>\n\t\t<div class=\"figc no-description\">\n\t\t\t<div class=\"figc-inner\">\n\t\t\t\t\t\t\t\t\t\t\t\t\t\t\t<\/div>\n\t\t<\/div>\n\n\t<\/div>\n\n<\/div><div class=\"modula-item effect-pufrobo\" >\n\t<div class=\"modula-item-overlay\"><\/div>\n\n\t<div class=\"modula-item-content\">\n\n\t\t\t\t\n\t\t\t\t\t<a data-image-id=\"2433\" data-elementor-open-lightbox=\"no\" rel=\"jtg-2445\" data-caption=\"\" aria-label=\"Open image in lightbox\" class=\"tile-inner modula-item-link\"><\/a>\n\t\t\n\t\t<img class=\"pic wp-image-2433 lazyload\"  data-valign=\"middle\" data-halign=\"center\" alt=\"\" data-full=\"https:\/\/ekorural4stem.eu\/wp-content\/uploads\/2024\/04\/Naslovna_DSC_0058.jpg\" title=\"Naslovna_DSC_0058\" width=\"2560\" height=\"1717\" data-src=\"https:\/\/ekorural4stem.eu\/wp-content\/uploads\/2024\/04\/Naslovna_DSC_0058.jpg\" data-caption=\"\" data-source=\"modula\"\/>\n\t\t<div class=\"figc no-description\">\n\t\t\t<div class=\"figc-inner\">\n\t\t\t\t\t\t\t\t\t\t\t\t\t\t\t<\/div>\n\t\t<\/div>\n\n\t<\/div>\n\n<\/div><div class=\"modula-item effect-pufrobo\" >\n\t<div class=\"modula-item-overlay\"><\/div>\n\n\t<div class=\"modula-item-content\">\n\n\t\t\t\t\n\t\t\t\t\t<a data-image-id=\"2447\" data-elementor-open-lightbox=\"no\" rel=\"jtg-2445\" data-caption=\"\" aria-label=\"Open image in lightbox\" class=\"tile-inner modula-item-link\"><\/a>\n\t\t\n\t\t<img class=\"pic wp-image-2447 lazyload\"  data-valign=\"middle\" data-halign=\"center\" alt=\"\" data-full=\"https:\/\/ekorural4stem.eu\/wp-content\/uploads\/2024\/04\/DSC_0012.jpg\" title=\"DSC_0012\" width=\"2560\" height=\"1717\" data-src=\"https:\/\/ekorural4stem.eu\/wp-content\/uploads\/2024\/04\/DSC_0012.jpg\" data-caption=\"\" data-source=\"modula\"\/>\n\t\t<div class=\"figc no-description\">\n\t\t\t<div class=\"figc-inner\">\n\t\t\t\t\t\t\t\t\t\t\t\t\t\t\t<\/div>\n\t\t<\/div>\n\n\t<\/div>\n\n<\/div><div class=\"modula-item effect-pufrobo\" >\n\t<div class=\"modula-item-overlay\"><\/div>\n\n\t<div class=\"modula-item-content\">\n\n\t\t\t\t\n\t\t\t\t\t<a data-image-id=\"2448\" data-elementor-open-lightbox=\"no\" rel=\"jtg-2445\" data-caption=\"\" aria-label=\"Open image in lightbox\" class=\"tile-inner modula-item-link\"><\/a>\n\t\t\n\t\t<img class=\"pic wp-image-2448 lazyload\"  data-valign=\"middle\" data-halign=\"center\" alt=\"\" data-full=\"https:\/\/ekorural4stem.eu\/wp-content\/uploads\/2024\/04\/DSC_0071.jpg\" title=\"DSC_0071\" width=\"2560\" height=\"1717\" data-src=\"https:\/\/ekorural4stem.eu\/wp-content\/uploads\/2024\/04\/DSC_0071.jpg\" data-caption=\"\" data-source=\"modula\"\/>\n\t\t<div class=\"figc no-description\">\n\t\t\t<div class=\"figc-inner\">\n\t\t\t\t\t\t\t\t\t\t\t\t\t\t\t<\/div>\n\t\t<\/div>\n\n\t<\/div>\n\n<\/div>\t\t\n\t<\/div>\n\n\t\n\t\n\t<script type=\"application\/ld+json\">\n\t{\n\t\t\"@context\": \"http:\/\/schema.org\",\n\t\t\"@type\"   : \"ImageGallery\",\n\t\t\"id\"      : \"https:\/\/ekorural4stem.eu\/en\/wp-json\/wp\/v2\/posts\/2431\",\n\t\t\"url\"     : \"https:\/\/ekorural4stem.eu\/en\/wp-json\/wp\/v2\/posts\/2431\"\n\t}\n\n    <\/script>\n\n\t\n<\/div>\t\t<\/div>\n\t\t\t\t<\/div>\n\t\t\t\t<div class=\"elementor-element elementor-element-826134a elementor-widget elementor-widget-spacer\" data-id=\"826134a\" data-element_type=\"widget\" data-widget_type=\"spacer.default\">\n\t\t\t\t<div class=\"elementor-widget-container\">\n\t\t\t\t\t<div class=\"elementor-spacer\">\n\t\t\t<div class=\"elementor-spacer-inner\"><\/div>\n\t\t<\/div>\n\t\t\t\t<\/div>\n\t\t\t\t<\/div>\n\t\t\t\t\t<\/div>\n\t\t<\/div>\n\t\t\t\t\t\t\t<\/div>\n\t\t<\/section>\n\t\t\t\t<section class=\"elementor-section elementor-top-section elementor-element elementor-element-27693d0 elementor-section-stretched elementor-section-boxed elementor-section-height-default elementor-section-height-default wpr-particle-no wpr-jarallax-no wpr-parallax-no wpr-sticky-section-no\" data-id=\"27693d0\" data-element_type=\"section\" data-settings=\"{&quot;stretch_section&quot;:&quot;section-stretched&quot;,&quot;background_background&quot;:&quot;classic&quot;}\">\n\t\t\t\t\t\t<div class=\"elementor-container elementor-column-gap-default\">\n\t\t\t\t\t<div class=\"elementor-column elementor-col-100 elementor-top-column elementor-element elementor-element-8cc3ef6\" data-id=\"8cc3ef6\" data-element_type=\"column\">\n\t\t\t<div class=\"elementor-widget-wrap elementor-element-populated\">\n\t\t\t\t\t\t\t\t<div class=\"elementor-element elementor-element-cc8be6a elementor-widget elementor-widget-spacer\" data-id=\"cc8be6a\" data-element_type=\"widget\" data-widget_type=\"spacer.default\">\n\t\t\t\t<div class=\"elementor-widget-container\">\n\t\t\t\t\t<div class=\"elementor-spacer\">\n\t\t\t<div class=\"elementor-spacer-inner\"><\/div>\n\t\t<\/div>\n\t\t\t\t<\/div>\n\t\t\t\t<\/div>\n\t\t\t\t<div class=\"elementor-element elementor-element-a70f7f3 elementor-widget elementor-widget-heading\" data-id=\"a70f7f3\" data-element_type=\"widget\" data-widget_type=\"heading.default\">\n\t\t\t\t<div class=\"elementor-widget-container\">\n\t\t\t<style>\/*! elementor - v3.16.0 - 14-09-2023 *\/\n.elementor-heading-title{padding:0;margin:0;line-height:1}.elementor-widget-heading .elementor-heading-title[class*=elementor-size-]>a{color:inherit;font-size:inherit;line-height:inherit}.elementor-widget-heading .elementor-heading-title.elementor-size-small{font-size:15px}.elementor-widget-heading .elementor-heading-title.elementor-size-medium{font-size:19px}.elementor-widget-heading .elementor-heading-title.elementor-size-large{font-size:29px}.elementor-widget-heading .elementor-heading-title.elementor-size-xl{font-size:39px}.elementor-widget-heading .elementor-heading-title.elementor-size-xxl{font-size:59px}<\/style><h2 class=\"elementor-heading-title elementor-size-default\">NEWS<\/h2>\t\t<\/div>\n\t\t\t\t<\/div>\n\t\t\t\t<div class=\"elementor-element elementor-element-72514d7 elementor-widget elementor-widget-spacer\" data-id=\"72514d7\" data-element_type=\"widget\" data-widget_type=\"spacer.default\">\n\t\t\t\t<div class=\"elementor-widget-container\">\n\t\t\t\t\t<div class=\"elementor-spacer\">\n\t\t\t<div class=\"elementor-spacer-inner\"><\/div>\n\t\t<\/div>\n\t\t\t\t<\/div>\n\t\t\t\t<\/div>\n\t\t\t\t<div class=\"elementor-element elementor-element-c89202b section-title-style-default meta-visibility-show title_position_default title_hover_border_default title-default img_hover_animation_default meta_position_default tpg-category-position-default readmore-btn-default-style grid-hover-overlay-type-always grid-hover-overlay-height-default hover-overlay-height-default tpg-border-bottom-disable elementor-widget elementor-widget-tpg-grid-hover-layout\" data-id=\"c89202b\" data-element_type=\"widget\" data-widget_type=\"tpg-grid-hover-layout.default\">\n\t\t\t\t<div class=\"elementor-widget-container\">\n\t\t\t\r\n        <div class=\"rt-container-fluid rt-tpg-container tpg-el-main-wrapper grid_hover-layout1-main\"\r\n             id=\"rt-tpg-container-1487320216\"\r\n             data-layout=\"grid_hover-layout1\"\r\n             data-sc-id=\"elementor\"\r\n             data-el-settings=''\r\n             data-el-query=''\r\n             data-el-path=''\r\n        >\r\n\t\t\t<div class='tpg-header-wrapper'>\r\n        <div class=\"tpg-widget-heading-wrapper rt-clear heading-default\">\r\n            <span class=\"tpg-widget-heading-line line-left\"><\/span>\r\n\r\n\t\t\t<h2 class='tpg-widget-heading'>\r\n\t\t\t\r\n\t\t\t\t                    <span>\r\n                                            <\/span>\r\n\t\t\t\t\t\r\n\t\t\t\t\t\t\t<\/h2>            <span class=\"tpg-widget-heading-line line-right\"><\/span>\r\n\r\n\t\t\t\r\n        <\/div>\r\n\r\n\t\t\r\n\t\t<\/div>\r\n            <div data-title=\"Loading ...\"\r\n                 class=\"rt-row rt-content-loader grid_hover-layout1 tpg-even grid-behaviour grid_hover_layout_wrapper\">\r\n\t\t\t\t\r\n<div class=\"rt-col-md-4 rt-col-sm-6 rt-col-xs-12 default rt-grid-hover-item rt-grid-item\" data-id=\"2431\">\r\n\t<div class=\"rt-holder tpg-post-holder\">\r\n\t\t<div class=\"rt-detail rt-el-content-wrapper\">\r\n\t\t\t\t\t\t\t<div class=\"rt-img-holder tpg-el-image-wrap has-thumbnail\">\r\n\t\t\t\t\t<a data-id=\"2431\" href=\"https:\/\/ekorural4stem.eu\/en\/odrzana-zavrsna-konferencija-projekta-jacanje-stem-vjestina-kroz-ekologiju-u-osnovnoj-skoli-zrinskih-nustar-eko-rural4stem\/\" class=\"tpg-post-link\" target=\"_self\">                        <img loading=\"lazy\" decoding=\"async\" src=\"https:\/\/ekorural4stem.eu\/wp-content\/uploads\/2024\/04\/Naslovna_DSC_0058-768x515.jpg\"\r\n                             class=\"rt-img-responsive\"\r\n                             width=\"768\"\r\n                             height=\"515\"\r\n                             alt=\"Odr\u017eana zavr\u0161na konferencija projekta Ja\u010danje STEM vje\u0161tina kroz ekologiju u Osnovnoj \u0161koli Zrinskih Nu\u0161tar (EKO-RURAL4STEM)\">\r\n\t\t\t\t\t\t\r\n\t\t\t\t\t\t\t\r\n\t\t<\/a>\r\n\t\t        <div class=\"overlay grid-hover-content\"><\/div>\r\n\t\t\t\t\t\t<\/div>\r\n\t\t\t\r\n\t\t\t<div class=\"grid-hover-content\">\r\n\t\t\t\t<div class=\"entry-title-wrapper\"><h3 class=\"entry-title\"><a data-id=\"2431\" href=\"https:\/\/ekorural4stem.eu\/en\/odrzana-zavrsna-konferencija-projekta-jacanje-stem-vjestina-kroz-ekologiju-u-osnovnoj-skoli-zrinskih-nustar-eko-rural4stem\/\" class=\"tpg-post-link\" target=\"_self\">The closing conference of the project \u201cStrengthening STEM skills through ecology in the Elementary school Zrinskih Nu\u0161tar\u201d (EKO-RURAL4STEM) was held<\/a><\/h3><\/div>\r\n\t\t\t\t\t\t\t\t\t<div class=\"post-meta-tags rt-el-post-meta\">\r\n\t\t\t\t\t\t            <span class='date'>\r\n\r\n\t\t\t\t<i class='flaticon-tpg-calendar'><\/i>\t\t\t\t<a href=\"https:\/\/ekorural4stem.eu\/en\/2024\/04\/19\/\">\r\n\t\t\t\t\tApril 19, 2024\t\t\t\t<\/a>\r\n\t\t\t<\/span>\r\n\t\t\t            <span class='categories-links'>\r\n\t\t\t\t<i class='flaticon-tpg-folder'><\/i><a class=\"vijesti\" href=\"https:\/\/ekorural4stem.eu\/en\/category\/vijesti\/\">NEWS<\/a>\r\n\t\t\t<\/span>\r\n\t\t\t\t\t\t\t\t<\/div>\r\n\t\t\t\t\r\n\t\t\t\t\t\t\t\t\t<div class=\"tpg-excerpt tpg-el-excerpt\">\r\n\t\t\t\t\t\t\t\t\t\t\t\t\t<div class=\"tpg-excerpt-inner\">\r\n\t\t\t\t\t\t\t\tThe closing conference of the project \u201cStrengthening STEM skills through ecology in the Elementary school Zrinskih Nu\u0161tar\u201d was held\t\t\t\t\t\t\t<\/div>\r\n\t\t\t\t\t\t\t\t\t\t\t\t\t\t\t\t\t<\/div>\r\n\t\t\t\t\r\n\t\t\t\t        <div class=\"post-footer\">\r\n            <div class=\"post-footer\">\r\n                <div class=\"read-more\">\r\n\t\t\t\t\t<a data-id=\"2431\" href=\"https:\/\/ekorural4stem.eu\/en\/odrzana-zavrsna-konferencija-projekta-jacanje-stem-vjestina-kroz-ekologiju-u-osnovnoj-skoli-zrinskih-nustar-eko-rural4stem\/\" class=\"tpg-post-link\" target=\"_self\">Read more<\/a>                <\/div>\r\n            <\/div>\r\n        <\/div>\r\n\t\t\t\t\t<\/div>\r\n\t\t<\/div>\r\n\t<\/div>\r\n<\/div>\r\n\r\n<div class=\"rt-col-md-4 rt-col-sm-6 rt-col-xs-12 default rt-grid-hover-item rt-grid-item\" data-id=\"2413\">\r\n\t<div class=\"rt-holder tpg-post-holder\">\r\n\t\t<div class=\"rt-detail rt-el-content-wrapper\">\r\n\t\t\t\t\t\t\t<div class=\"rt-img-holder tpg-el-image-wrap has-thumbnail\">\r\n\t\t\t\t\t<a data-id=\"2413\" href=\"https:\/\/ekorural4stem.eu\/en\/posjet-ucenika-sumarskom-muzeju\/\" class=\"tpg-post-link\" target=\"_self\">                        <img loading=\"lazy\" decoding=\"async\" src=\"https:\/\/ekorural4stem.eu\/wp-content\/uploads\/2024\/03\/naslovna-min-1-768x576.jpg\"\r\n                             class=\"rt-img-responsive\"\r\n                             width=\"768\"\r\n                             height=\"576\"\r\n                             alt=\"Posjet u\u010denika \u0160umarskom muzeju u Bo\u0161njacima i Drvno-tehnolo\u0161kom centru u Gradi\u0161tu\">\r\n\t\t\t\t\t\t\r\n\t\t\t\t\t\t\t\r\n\t\t<\/a>\r\n\t\t        <div class=\"overlay grid-hover-content\"><\/div>\r\n\t\t\t\t\t\t<\/div>\r\n\t\t\t\r\n\t\t\t<div class=\"grid-hover-content\">\r\n\t\t\t\t<div class=\"entry-title-wrapper\"><h3 class=\"entry-title\"><a data-id=\"2413\" href=\"https:\/\/ekorural4stem.eu\/en\/posjet-ucenika-sumarskom-muzeju\/\" class=\"tpg-post-link\" target=\"_self\">Visit to the Forestry Museum in Bo\u0161njaci and Wood-Technology Centre in Gradi\u0161te<\/a><\/h3><\/div>\r\n\t\t\t\t\t\t\t\t\t<div class=\"post-meta-tags rt-el-post-meta\">\r\n\t\t\t\t\t\t            <span class='date'>\r\n\r\n\t\t\t\t<i class='flaticon-tpg-calendar'><\/i>\t\t\t\t<a href=\"https:\/\/ekorural4stem.eu\/en\/2024\/03\/18\/\">\r\n\t\t\t\t\tMarch 18, 2024\t\t\t\t<\/a>\r\n\t\t\t<\/span>\r\n\t\t\t            <span class='categories-links'>\r\n\t\t\t\t<i class='flaticon-tpg-folder'><\/i><a class=\"vijesti\" href=\"https:\/\/ekorural4stem.eu\/en\/category\/vijesti\/\">NEWS<\/a>\r\n\t\t\t<\/span>\r\n\t\t\t\t\t\t\t\t<\/div>\r\n\t\t\t\t\r\n\t\t\t\t\t\t\t\t\t<div class=\"tpg-excerpt tpg-el-excerpt\">\r\n\t\t\t\t\t\t\t\t\t\t\t\t\t<div class=\"tpg-excerpt-inner\">\r\n\t\t\t\t\t\t\t\tVisit to the Forestry Museum in Bo\u0161njaci and Wood-Technology Centre in Gradi\u0161te\t\t\t\t\t\t\t<\/div>\r\n\t\t\t\t\t\t\t\t\t\t\t\t\t\t\t\t\t<\/div>\r\n\t\t\t\t\r\n\t\t\t\t        <div class=\"post-footer\">\r\n            <div class=\"post-footer\">\r\n                <div class=\"read-more\">\r\n\t\t\t\t\t<a data-id=\"2413\" href=\"https:\/\/ekorural4stem.eu\/en\/posjet-ucenika-sumarskom-muzeju\/\" class=\"tpg-post-link\" target=\"_self\">Read more<\/a>                <\/div>\r\n            <\/div>\r\n        <\/div>\r\n\t\t\t\t\t<\/div>\r\n\t\t<\/div>\r\n\t<\/div>\r\n<\/div>\r\n\r\n<div class=\"rt-col-md-4 rt-col-sm-6 rt-col-xs-12 default rt-grid-hover-item rt-grid-item\" data-id=\"2398\">\r\n\t<div class=\"rt-holder tpg-post-holder\">\r\n\t\t<div class=\"rt-detail rt-el-content-wrapper\">\r\n\t\t\t\t\t\t\t<div class=\"rt-img-holder tpg-el-image-wrap has-thumbnail\">\r\n\t\t\t\t\t<a data-id=\"2398\" href=\"https:\/\/ekorural4stem.eu\/en\/posjet-ucenika-poljoprivredno-poduzetnickom-inkubatoru-drenovci\/\" class=\"tpg-post-link\" target=\"_self\">                        <img loading=\"lazy\" decoding=\"async\" src=\"https:\/\/ekorural4stem.eu\/wp-content\/uploads\/2024\/03\/naslovna-min-768x576.jpg\"\r\n                             class=\"rt-img-responsive\"\r\n                             width=\"768\"\r\n                             height=\"576\"\r\n                             alt=\"Posjet u\u010denika POLJOPRIVREDNO PODUZETNI\u010cKOM INKUBATORU DRENOVCI\">\r\n\t\t\t\t\t\t\r\n\t\t\t\t\t\t\t\r\n\t\t<\/a>\r\n\t\t        <div class=\"overlay grid-hover-content\"><\/div>\r\n\t\t\t\t\t\t<\/div>\r\n\t\t\t\r\n\t\t\t<div class=\"grid-hover-content\">\r\n\t\t\t\t<div class=\"entry-title-wrapper\"><h3 class=\"entry-title\"><a data-id=\"2398\" href=\"https:\/\/ekorural4stem.eu\/en\/posjet-ucenika-poljoprivredno-poduzetnickom-inkubatoru-drenovci\/\" class=\"tpg-post-link\" target=\"_self\">School trip to Agricultural Entrepreneurial Incubator Drenovci<\/a><\/h3><\/div>\r\n\t\t\t\t\t\t\t\t\t<div class=\"post-meta-tags rt-el-post-meta\">\r\n\t\t\t\t\t\t            <span class='date'>\r\n\r\n\t\t\t\t<i class='flaticon-tpg-calendar'><\/i>\t\t\t\t<a href=\"https:\/\/ekorural4stem.eu\/en\/2024\/03\/12\/\">\r\n\t\t\t\t\tMarch 12, 2024\t\t\t\t<\/a>\r\n\t\t\t<\/span>\r\n\t\t\t            <span class='categories-links'>\r\n\t\t\t\t<i class='flaticon-tpg-folder'><\/i><a class=\"vijesti\" href=\"https:\/\/ekorural4stem.eu\/en\/category\/vijesti\/\">NEWS<\/a>\r\n\t\t\t<\/span>\r\n\t\t\t\t\t\t\t\t<\/div>\r\n\t\t\t\t\r\n\t\t\t\t\t\t\t\t\t<div class=\"tpg-excerpt tpg-el-excerpt\">\r\n\t\t\t\t\t\t\t\t\t\t\t\t\t<div class=\"tpg-excerpt-inner\">\r\n\t\t\t\t\t\t\t\tOur 1st year pupils visited the 1st specialised entrepreneurial incubator in agriculture...\t\t\t\t\t\t\t<\/div>\r\n\t\t\t\t\t\t\t\t\t\t\t\t\t\t\t\t\t<\/div>\r\n\t\t\t\t\r\n\t\t\t\t        <div class=\"post-footer\">\r\n            <div class=\"post-footer\">\r\n                <div class=\"read-more\">\r\n\t\t\t\t\t<a data-id=\"2398\" href=\"https:\/\/ekorural4stem.eu\/en\/posjet-ucenika-poljoprivredno-poduzetnickom-inkubatoru-drenovci\/\" class=\"tpg-post-link\" target=\"_self\">Read more<\/a>                <\/div>\r\n            <\/div>\r\n        <\/div>\r\n\t\t\t\t\t<\/div>\r\n\t\t<\/div>\r\n\t<\/div>\r\n<\/div>\r\n\r\n<div class=\"rt-col-md-4 rt-col-sm-6 rt-col-xs-12 default rt-grid-hover-item rt-grid-item\" data-id=\"2392\">\r\n\t<div class=\"rt-holder tpg-post-holder\">\r\n\t\t<div class=\"rt-detail rt-el-content-wrapper\">\r\n\t\t\t\t\t\t\t<div class=\"rt-img-holder tpg-el-image-wrap has-thumbnail\">\r\n\t\t\t\t\t<a data-id=\"2392\" href=\"https:\/\/ekorural4stem.eu\/en\/odrzali-smo-radionicu-nastava-pomocu-3d-modela-za-nastavnike\/\" class=\"tpg-post-link\" target=\"_self\">                        <img loading=\"lazy\" decoding=\"async\" src=\"https:\/\/ekorural4stem.eu\/wp-content\/uploads\/2024\/02\/naslovna-2-768x578.jpg\"\r\n                             class=\"rt-img-responsive\"\r\n                             width=\"768\"\r\n                             height=\"578\"\r\n                             alt=\"Odr\u017eali smo radionicu \u201eNastava pomo\u0107u 3D modela\u201c za nastavnike!\">\r\n\t\t\t\t\t\t\r\n\t\t\t\t\t\t\t\r\n\t\t<\/a>\r\n\t\t        <div class=\"overlay grid-hover-content\"><\/div>\r\n\t\t\t\t\t\t<\/div>\r\n\t\t\t\r\n\t\t\t<div class=\"grid-hover-content\">\r\n\t\t\t\t<div class=\"entry-title-wrapper\"><h3 class=\"entry-title\"><a data-id=\"2392\" href=\"https:\/\/ekorural4stem.eu\/en\/odrzali-smo-radionicu-nastava-pomocu-3d-modela-za-nastavnike\/\" class=\"tpg-post-link\" target=\"_self\">Workshop \u201eTeaching with 3D models\u201c was held for our teachers!<\/a><\/h3><\/div>\r\n\t\t\t\t\t\t\t\t\t<div class=\"post-meta-tags rt-el-post-meta\">\r\n\t\t\t\t\t\t            <span class='date'>\r\n\r\n\t\t\t\t<i class='flaticon-tpg-calendar'><\/i>\t\t\t\t<a href=\"https:\/\/ekorural4stem.eu\/en\/2024\/02\/21\/\">\r\n\t\t\t\t\tFebruary 21, 2024\t\t\t\t<\/a>\r\n\t\t\t<\/span>\r\n\t\t\t            <span class='categories-links'>\r\n\t\t\t\t<i class='flaticon-tpg-folder'><\/i><a class=\"vijesti\" href=\"https:\/\/ekorural4stem.eu\/en\/category\/vijesti\/\">NEWS<\/a>\r\n\t\t\t<\/span>\r\n\t\t\t\t\t\t\t\t<\/div>\r\n\t\t\t\t\r\n\t\t\t\t\t\t\t\t\t<div class=\"tpg-excerpt tpg-el-excerpt\">\r\n\t\t\t\t\t\t\t\t\t\t\t\t\t<div class=\"tpg-excerpt-inner\">\r\n\t\t\t\t\t\t\t\tWorkshop \u201eTeaching with 3D models\u201c was held for our teachers!\t\t\t\t\t\t\t<\/div>\r\n\t\t\t\t\t\t\t\t\t\t\t\t\t\t\t\t\t<\/div>\r\n\t\t\t\t\r\n\t\t\t\t        <div class=\"post-footer\">\r\n            <div class=\"post-footer\">\r\n                <div class=\"read-more\">\r\n\t\t\t\t\t<a data-id=\"2392\" href=\"https:\/\/ekorural4stem.eu\/en\/odrzali-smo-radionicu-nastava-pomocu-3d-modela-za-nastavnike\/\" class=\"tpg-post-link\" target=\"_self\">Read more<\/a>                <\/div>\r\n            <\/div>\r\n        <\/div>\r\n\t\t\t\t\t<\/div>\r\n\t\t<\/div>\r\n\t<\/div>\r\n<\/div>\r\n\r\n<div class=\"rt-col-md-4 rt-col-sm-6 rt-col-xs-12 default rt-grid-hover-item rt-grid-item\" data-id=\"2381\">\r\n\t<div class=\"rt-holder tpg-post-holder\">\r\n\t\t<div class=\"rt-detail rt-el-content-wrapper\">\r\n\t\t\t\t\t\t\t<div class=\"rt-img-holder tpg-el-image-wrap has-thumbnail\">\r\n\t\t\t\t\t<a data-id=\"2381\" href=\"https:\/\/ekorural4stem.eu\/en\/nas-3-promotivni-film-projekta-jacanje-stem-vjestina-kroz-ekologiju-u-osnovnoj-skoli-zrinskih-nustar-eko-rural4stem-je-zavrsen\/\" class=\"tpg-post-link\" target=\"_self\">                        <img loading=\"lazy\" decoding=\"async\" src=\"https:\/\/ekorural4stem.eu\/wp-content\/uploads\/2024\/02\/Snimka-zaslona-2024-02-08-145759-768x359.png\"\r\n                             class=\"rt-img-responsive\"\r\n                             width=\"768\"\r\n                             height=\"359\"\r\n                             alt=\"Na\u0161 3. promotivni film projekta JA\u010cANJE STEM VJE\u0160TINA KROZ EKOLOGIJU U OSNOVNOJ \u0160KOLI ZRINSKIH NU\u0160TAR \u2013 EKO-RURAL4STEM je zavr\u0161en!\">\r\n\t\t\t\t\t\t\r\n\t\t\t\t\t\t\t\r\n\t\t<\/a>\r\n\t\t        <div class=\"overlay grid-hover-content\"><\/div>\r\n\t\t\t\t\t\t<\/div>\r\n\t\t\t\r\n\t\t\t<div class=\"grid-hover-content\">\r\n\t\t\t\t<div class=\"entry-title-wrapper\"><h3 class=\"entry-title\"><a data-id=\"2381\" href=\"https:\/\/ekorural4stem.eu\/en\/nas-3-promotivni-film-projekta-jacanje-stem-vjestina-kroz-ekologiju-u-osnovnoj-skoli-zrinskih-nustar-eko-rural4stem-je-zavrsen\/\" class=\"tpg-post-link\" target=\"_self\">Our 3rd promo video for project Strengthening STEM Skills Through Ecology at the Elementary School Zrinskih Nu\u0161tar\u2013 EKO-RURAL4STEM is live!<\/a><\/h3><\/div>\r\n\t\t\t\t\t\t\t\t\t<div class=\"post-meta-tags rt-el-post-meta\">\r\n\t\t\t\t\t\t            <span class='date'>\r\n\r\n\t\t\t\t<i class='flaticon-tpg-calendar'><\/i>\t\t\t\t<a href=\"https:\/\/ekorural4stem.eu\/en\/2024\/02\/08\/\">\r\n\t\t\t\t\tFebruary 8, 2024\t\t\t\t<\/a>\r\n\t\t\t<\/span>\r\n\t\t\t            <span class='categories-links'>\r\n\t\t\t\t<i class='flaticon-tpg-folder'><\/i><a class=\"vijesti\" href=\"https:\/\/ekorural4stem.eu\/en\/category\/vijesti\/\">NEWS<\/a>\r\n\t\t\t<\/span>\r\n\t\t\t\t\t\t\t\t<\/div>\r\n\t\t\t\t\r\n\t\t\t\t\t\t\t\t\t<div class=\"tpg-excerpt tpg-el-excerpt\">\r\n\t\t\t\t\t\t\t\t\t\t\t\t\t<div class=\"tpg-excerpt-inner\">\r\n\t\t\t\t\t\t\t\tOur 1st promo video for project Strengthening STEM Skills Through Ecology at the Elementary School Zrinskih Nu\u0161tar\u2013 EKO-RURA4LSTEM is live!\t\t\t\t\t\t\t<\/div>\r\n\t\t\t\t\t\t\t\t\t\t\t\t\t\t\t\t\t<\/div>\r\n\t\t\t\t\r\n\t\t\t\t        <div class=\"post-footer\">\r\n            <div class=\"post-footer\">\r\n                <div class=\"read-more\">\r\n\t\t\t\t\t<a data-id=\"2381\" href=\"https:\/\/ekorural4stem.eu\/en\/nas-3-promotivni-film-projekta-jacanje-stem-vjestina-kroz-ekologiju-u-osnovnoj-skoli-zrinskih-nustar-eko-rural4stem-je-zavrsen\/\" class=\"tpg-post-link\" target=\"_self\">Read more<\/a>                <\/div>\r\n            <\/div>\r\n        <\/div>\r\n\t\t\t\t\t<\/div>\r\n\t\t<\/div>\r\n\t<\/div>\r\n<\/div>\r\n\r\n<div class=\"rt-col-md-4 rt-col-sm-6 rt-col-xs-12 default rt-grid-hover-item rt-grid-item\" data-id=\"2367\">\r\n\t<div class=\"rt-holder tpg-post-holder\">\r\n\t\t<div class=\"rt-detail rt-el-content-wrapper\">\r\n\t\t\t\t\t\t\t<div class=\"rt-img-holder tpg-el-image-wrap has-thumbnail\">\r\n\t\t\t\t\t<a data-id=\"2367\" href=\"https:\/\/ekorural4stem.eu\/en\/odrzali-smo-radionicu-bitne-mape-za-ucenike-razredne-nastave-1-4-razred\/\" class=\"tpg-post-link\" target=\"_self\">                        <img loading=\"lazy\" decoding=\"async\" src=\"https:\/\/ekorural4stem.eu\/wp-content\/uploads\/2024\/02\/naslovna-1-768x768.jpg\"\r\n                             class=\"rt-img-responsive\"\r\n                             width=\"768\"\r\n                             height=\"768\"\r\n                             alt=\"Odr\u017eali smo radionicu \u201eBITne mape\u201c za u\u010denike razredne nastave (1.-4. razred)!\">\r\n\t\t\t\t\t\t\r\n\t\t\t\t\t\t\t\r\n\t\t<\/a>\r\n\t\t        <div class=\"overlay grid-hover-content\"><\/div>\r\n\t\t\t\t\t\t<\/div>\r\n\t\t\t\r\n\t\t\t<div class=\"grid-hover-content\">\r\n\t\t\t\t<div class=\"entry-title-wrapper\"><h3 class=\"entry-title\"><a data-id=\"2367\" href=\"https:\/\/ekorural4stem.eu\/en\/odrzali-smo-radionicu-bitne-mape-za-ucenike-razredne-nastave-1-4-razred\/\" class=\"tpg-post-link\" target=\"_self\">Workshop \u201eBITne mape\u201c was held for our pupils in grades 1-4!<\/a><\/h3><\/div>\r\n\t\t\t\t\t\t\t\t\t<div class=\"post-meta-tags rt-el-post-meta\">\r\n\t\t\t\t\t\t            <span class='date'>\r\n\r\n\t\t\t\t<i class='flaticon-tpg-calendar'><\/i>\t\t\t\t<a href=\"https:\/\/ekorural4stem.eu\/en\/2024\/02\/01\/\">\r\n\t\t\t\t\tFebruary 1, 2024\t\t\t\t<\/a>\r\n\t\t\t<\/span>\r\n\t\t\t            <span class='categories-links'>\r\n\t\t\t\t<i class='flaticon-tpg-folder'><\/i><a class=\"vijesti\" href=\"https:\/\/ekorural4stem.eu\/en\/category\/vijesti\/\">NEWS<\/a>\r\n\t\t\t<\/span>\r\n\t\t\t\t\t\t\t\t<\/div>\r\n\t\t\t\t\r\n\t\t\t\t\t\t\t\t\t<div class=\"tpg-excerpt tpg-el-excerpt\">\r\n\t\t\t\t\t\t\t\t\t\t\t\t\t<div class=\"tpg-excerpt-inner\">\r\n\t\t\t\t\t\t\t\tWorkshop \u201eBITne mape\u201c was held for our pupils in grades 1-4!\t\t\t\t\t\t\t<\/div>\r\n\t\t\t\t\t\t\t\t\t\t\t\t\t\t\t\t\t<\/div>\r\n\t\t\t\t\r\n\t\t\t\t        <div class=\"post-footer\">\r\n            <div class=\"post-footer\">\r\n                <div class=\"read-more\">\r\n\t\t\t\t\t<a data-id=\"2367\" href=\"https:\/\/ekorural4stem.eu\/en\/odrzali-smo-radionicu-bitne-mape-za-ucenike-razredne-nastave-1-4-razred\/\" class=\"tpg-post-link\" target=\"_self\">Read more<\/a>                <\/div>\r\n            <\/div>\r\n        <\/div>\r\n\t\t\t\t\t<\/div>\r\n\t\t<\/div>\r\n\t<\/div>\r\n<\/div>\r\n\r\n<div class=\"rt-col-md-4 rt-col-sm-6 rt-col-xs-12 default rt-grid-hover-item rt-grid-item\" data-id=\"2359\">\r\n\t<div class=\"rt-holder tpg-post-holder\">\r\n\t\t<div class=\"rt-detail rt-el-content-wrapper\">\r\n\t\t\t\t\t\t\t<div class=\"rt-img-holder tpg-el-image-wrap has-thumbnail\">\r\n\t\t\t\t\t<a data-id=\"2359\" href=\"https:\/\/ekorural4stem.eu\/en\/ucenici-7-razreda-na-izbornoj-nastavi-informatike-programirali-su-pomocu-microbita\/\" class=\"tpg-post-link\" target=\"_self\">                        <img loading=\"lazy\" decoding=\"async\" src=\"https:\/\/ekorural4stem.eu\/wp-content\/uploads\/2024\/02\/Snimka-zaslona-2024-02-06-131618-2-768x516.png\"\r\n                             class=\"rt-img-responsive\"\r\n                             width=\"768\"\r\n                             height=\"516\"\r\n                             alt=\"U\u010denici 7. razreda na izbornoj nastavi informatike programirali su pomo\u0107u micro:bita!\">\r\n\t\t\t\t\t\t\r\n\t\t\t\t\t\t\t\r\n\t\t<\/a>\r\n\t\t        <div class=\"overlay grid-hover-content\"><\/div>\r\n\t\t\t\t\t\t<\/div>\r\n\t\t\t\r\n\t\t\t<div class=\"grid-hover-content\">\r\n\t\t\t\t<div class=\"entry-title-wrapper\"><h3 class=\"entry-title\"><a data-id=\"2359\" href=\"https:\/\/ekorural4stem.eu\/en\/ucenici-7-razreda-na-izbornoj-nastavi-informatike-programirali-su-pomocu-microbita\/\" class=\"tpg-post-link\" target=\"_self\">Our 7th graders programmed with micro:bit!<\/a><\/h3><\/div>\r\n\t\t\t\t\t\t\t\t\t<div class=\"post-meta-tags rt-el-post-meta\">\r\n\t\t\t\t\t\t            <span class='date'>\r\n\r\n\t\t\t\t<i class='flaticon-tpg-calendar'><\/i>\t\t\t\t<a href=\"https:\/\/ekorural4stem.eu\/en\/2024\/01\/26\/\">\r\n\t\t\t\t\tJanuary 26, 2024\t\t\t\t<\/a>\r\n\t\t\t<\/span>\r\n\t\t\t            <span class='categories-links'>\r\n\t\t\t\t<i class='flaticon-tpg-folder'><\/i><a class=\"vijesti\" href=\"https:\/\/ekorural4stem.eu\/en\/category\/vijesti\/\">NEWS<\/a>\r\n\t\t\t<\/span>\r\n\t\t\t\t\t\t\t\t<\/div>\r\n\t\t\t\t\r\n\t\t\t\t\t\t\t\t\t<div class=\"tpg-excerpt tpg-el-excerpt\">\r\n\t\t\t\t\t\t\t\t\t\t\t\t\t<div class=\"tpg-excerpt-inner\">\r\n\t\t\t\t\t\t\t\tOur 7th graders programmed with micro:bit!\t\t\t\t\t\t\t<\/div>\r\n\t\t\t\t\t\t\t\t\t\t\t\t\t\t\t\t\t<\/div>\r\n\t\t\t\t\r\n\t\t\t\t        <div class=\"post-footer\">\r\n            <div class=\"post-footer\">\r\n                <div class=\"read-more\">\r\n\t\t\t\t\t<a data-id=\"2359\" href=\"https:\/\/ekorural4stem.eu\/en\/ucenici-7-razreda-na-izbornoj-nastavi-informatike-programirali-su-pomocu-microbita\/\" class=\"tpg-post-link\" target=\"_self\">Read more<\/a>                <\/div>\r\n            <\/div>\r\n        <\/div>\r\n\t\t\t\t\t<\/div>\r\n\t\t<\/div>\r\n\t<\/div>\r\n<\/div>\r\n\r\n<div class=\"rt-col-md-4 rt-col-sm-6 rt-col-xs-12 default rt-grid-hover-item rt-grid-item\" data-id=\"2345\">\r\n\t<div class=\"rt-holder tpg-post-holder\">\r\n\t\t<div class=\"rt-detail rt-el-content-wrapper\">\r\n\t\t\t\t\t\t\t<div class=\"rt-img-holder tpg-el-image-wrap has-thumbnail\">\r\n\t\t\t\t\t<a data-id=\"2345\" href=\"https:\/\/ekorural4stem.eu\/en\/edukacijska-robotika-amp-steam-radionica-odrzana-za-13-razrednih-odjela\/\" class=\"tpg-post-link\" target=\"_self\">                        <img loading=\"lazy\" decoding=\"async\" src=\"https:\/\/ekorural4stem.eu\/wp-content\/uploads\/2024\/02\/naslovna-min-768x576.jpg\"\r\n                             class=\"rt-img-responsive\"\r\n                             width=\"768\"\r\n                             height=\"576\"\r\n                             alt=\"\u201eEdukacijska robotika &amp; STEAM radionica\u201c odr\u017eana za 13 razrednih odjela\">\r\n\t\t\t\t\t\t\r\n\t\t\t\t\t\t\t\r\n\t\t<\/a>\r\n\t\t        <div class=\"overlay grid-hover-content\"><\/div>\r\n\t\t\t\t\t\t<\/div>\r\n\t\t\t\r\n\t\t\t<div class=\"grid-hover-content\">\r\n\t\t\t\t<div class=\"entry-title-wrapper\"><h3 class=\"entry-title\"><a data-id=\"2345\" href=\"https:\/\/ekorural4stem.eu\/en\/edukacijska-robotika-amp-steam-radionica-odrzana-za-13-razrednih-odjela\/\" class=\"tpg-post-link\" target=\"_self\">Workshop \u201eEducational robotics &amp; STEAM workshop\u201c was held for 13 departments (5th \u2013 8th grade)!<\/a><\/h3><\/div>\r\n\t\t\t\t\t\t\t\t\t<div class=\"post-meta-tags rt-el-post-meta\">\r\n\t\t\t\t\t\t            <span class='date'>\r\n\r\n\t\t\t\t<i class='flaticon-tpg-calendar'><\/i>\t\t\t\t<a href=\"https:\/\/ekorural4stem.eu\/en\/2024\/01\/17\/\">\r\n\t\t\t\t\tJanuary 17, 2024\t\t\t\t<\/a>\r\n\t\t\t<\/span>\r\n\t\t\t            <span class='categories-links'>\r\n\t\t\t\t<i class='flaticon-tpg-folder'><\/i><a class=\"vijesti\" href=\"https:\/\/ekorural4stem.eu\/en\/category\/vijesti\/\">NEWS<\/a>\r\n\t\t\t<\/span>\r\n\t\t\t\t\t\t\t\t<\/div>\r\n\t\t\t\t\r\n\t\t\t\t\t\t\t\t\t<div class=\"tpg-excerpt tpg-el-excerpt\">\r\n\t\t\t\t\t\t\t\t\t\t\t\t\t<div class=\"tpg-excerpt-inner\">\r\n\t\t\t\t\t\t\t\tWorkshop \u201eEducational robotics &amp; STEAM workshop\u201c was held for 13 departments (5th \u2013 8th grade)!\t\t\t\t\t\t\t<\/div>\r\n\t\t\t\t\t\t\t\t\t\t\t\t\t\t\t\t\t<\/div>\r\n\t\t\t\t\r\n\t\t\t\t        <div class=\"post-footer\">\r\n            <div class=\"post-footer\">\r\n                <div class=\"read-more\">\r\n\t\t\t\t\t<a data-id=\"2345\" href=\"https:\/\/ekorural4stem.eu\/en\/edukacijska-robotika-amp-steam-radionica-odrzana-za-13-razrednih-odjela\/\" class=\"tpg-post-link\" target=\"_self\">Read more<\/a>                <\/div>\r\n            <\/div>\r\n        <\/div>\r\n\t\t\t\t\t<\/div>\r\n\t\t<\/div>\r\n\t<\/div>\r\n<\/div>\r\n\r\n<div class=\"rt-col-md-4 rt-col-sm-6 rt-col-xs-12 default rt-grid-hover-item rt-grid-item\" data-id=\"2329\">\r\n\t<div class=\"rt-holder tpg-post-holder\">\r\n\t\t<div class=\"rt-detail rt-el-content-wrapper\">\r\n\t\t\t\t\t\t\t<div class=\"rt-img-holder tpg-el-image-wrap has-thumbnail\">\r\n\t\t\t\t\t<a data-id=\"2329\" href=\"https:\/\/ekorural4stem.eu\/en\/odrzana-3-informativna-konferencija-projekta-jacanje-stem-vjestina-kroz-ekologiju-u-osnovnoj-skoli-zrinskih-nustar-eko-rural4stem\/\" class=\"tpg-post-link\" target=\"_self\">                        <img loading=\"lazy\" decoding=\"async\" src=\"https:\/\/ekorural4stem.eu\/wp-content\/uploads\/2024\/01\/2O5A9750-min-768x512.jpg\"\r\n                             class=\"rt-img-responsive\"\r\n                             width=\"768\"\r\n                             height=\"512\"\r\n                             alt=\"Odr\u017eana 3. informativna konferencija projekta Ja\u010danje STEM vje\u0161tina kroz ekologiju u Osnovnoj \u0161koli Zrinskih Nu\u0161tar (EKO-RURAL4STEM)\">\r\n\t\t\t\t\t\t\r\n\t\t\t\t\t\t\t\r\n\t\t<\/a>\r\n\t\t        <div class=\"overlay grid-hover-content\"><\/div>\r\n\t\t\t\t\t\t<\/div>\r\n\t\t\t\r\n\t\t\t<div class=\"grid-hover-content\">\r\n\t\t\t\t<div class=\"entry-title-wrapper\"><h3 class=\"entry-title\"><a data-id=\"2329\" href=\"https:\/\/ekorural4stem.eu\/en\/odrzana-3-informativna-konferencija-projekta-jacanje-stem-vjestina-kroz-ekologiju-u-osnovnoj-skoli-zrinskih-nustar-eko-rural4stem\/\" class=\"tpg-post-link\" target=\"_self\">On January 5th, 2024, the 3rd informative conference of the project \u201cStrengthening STEM skills through ecology in the Elementary school Zrinskih Nu\u0161tar\u201d (EKO-RURAL4STEM) was held.<\/a><\/h3><\/div>\r\n\t\t\t\t\t\t\t\t\t<div class=\"post-meta-tags rt-el-post-meta\">\r\n\t\t\t\t\t\t            <span class='date'>\r\n\r\n\t\t\t\t<i class='flaticon-tpg-calendar'><\/i>\t\t\t\t<a href=\"https:\/\/ekorural4stem.eu\/en\/2024\/01\/09\/\">\r\n\t\t\t\t\tJanuary 9, 2024\t\t\t\t<\/a>\r\n\t\t\t<\/span>\r\n\t\t\t            <span class='categories-links'>\r\n\t\t\t\t<i class='flaticon-tpg-folder'><\/i><a class=\"vijesti\" href=\"https:\/\/ekorural4stem.eu\/en\/category\/vijesti\/\">NEWS<\/a>\r\n\t\t\t<\/span>\r\n\t\t\t\t\t\t\t\t<\/div>\r\n\t\t\t\t\r\n\t\t\t\t\t\t\t\t\t<div class=\"tpg-excerpt tpg-el-excerpt\">\r\n\t\t\t\t\t\t\t\t\t\t\t\t\t<div class=\"tpg-excerpt-inner\">\r\n\t\t\t\t\t\t\t\tThe 3rd informative conference of the project \u201cStrengthening STEM skills through ecology in the Elementary school Zrinskih Nu\u0161tar\u201d (EKO-RURAL4STEM) was held\t\t\t\t\t\t\t<\/div>\r\n\t\t\t\t\t\t\t\t\t\t\t\t\t\t\t\t\t<\/div>\r\n\t\t\t\t\r\n\t\t\t\t        <div class=\"post-footer\">\r\n            <div class=\"post-footer\">\r\n                <div class=\"read-more\">\r\n\t\t\t\t\t<a data-id=\"2329\" href=\"https:\/\/ekorural4stem.eu\/en\/odrzana-3-informativna-konferencija-projekta-jacanje-stem-vjestina-kroz-ekologiju-u-osnovnoj-skoli-zrinskih-nustar-eko-rural4stem\/\" class=\"tpg-post-link\" target=\"_self\">Read more<\/a>                <\/div>\r\n            <\/div>\r\n        <\/div>\r\n\t\t\t\t\t<\/div>\r\n\t\t<\/div>\r\n\t<\/div>\r\n<\/div>\r\n            <\/div>\r\n\r\n\t\t\t        <\/div>\r\n\t\t\t\t<\/div>\n\t\t\t\t<\/div>\n\t\t\t\t\t<\/div>\n\t\t<\/div>\n\t\t\t\t\t\t\t<\/div>\n\t\t<\/section>\n\t\t\t\t\t\t\t<\/div>","protected":false},"excerpt":{"rendered":"<p>The closing conference of the project \u201cStrengthening STEM skills through ecology in the Elementary school Zrinskih Nu\u0161tar\u201d (EKO-RURAL4STEM) was held<\/p>","protected":false},"author":1,"featured_media":2433,"comment_status":"closed","ping_status":"open","sticky":false,"template":"","format":"standard","meta":{"om_disable_all_campaigns":false,"_mi_skip_tracking":false,"_monsterinsights_sitenote_active":false,"_monsterinsights_sitenote_note":"","_monsterinsights_sitenote_category":0,"footnotes":""},"categories":[2],"tags":[],"class_list":["post-2431","post","type-post","status-publish","format-standard","has-post-thumbnail","hentry","category-vijesti"],"yoast_head":"<!-- This site is optimized with the Yoast SEO plugin v21.1 - https:\/\/yoast.com\/wordpress\/plugins\/seo\/ -->\n<title>Odr\u017eana zavr\u0161na konferencija projekta Ja\u010danje STEM vje\u0161tina kroz ekologiju u Osnovnoj \u0161koli Zrinskih Nu\u0161tar (EKO-RURAL4STEM) - EKO-RURAL4STEM<\/title>\n<meta name=\"description\" content=\"Na\u0161 2. promotivni film projekta JA\u010cANJE STEM VJE\u0160TINA KROZ EKOLOGIJU U OSNOVNOJ \u0160KOLI ZRINSKIH NU\u0160TAR \u2013 EKO-RURAL4STEM je zavr\u0161en!\" \/>\n<meta name=\"robots\" content=\"index, follow, max-snippet:-1, max-image-preview:large, max-video-preview:-1\" \/>\n<link rel=\"canonical\" href=\"https:\/\/ekorural4stem.eu\/en\/odrzana-zavrsna-konferencija-projekta-jacanje-stem-vjestina-kroz-ekologiju-u-osnovnoj-skoli-zrinskih-nustar-eko-rural4stem\/\" \/>\n<meta property=\"og:locale\" content=\"en_GB\" \/>\n<meta property=\"og:type\" content=\"article\" \/>\n<meta property=\"og:title\" content=\"Odr\u017eana zavr\u0161na konferencija projekta Ja\u010danje STEM vje\u0161tina kroz ekologiju u Osnovnoj \u0161koli Zrinskih Nu\u0161tar (EKO-RURAL4STEM) - EKO-RURAL4STEM\" \/>\n<meta property=\"og:description\" content=\"Na\u0161 2. promotivni film projekta JA\u010cANJE STEM VJE\u0160TINA KROZ EKOLOGIJU U OSNOVNOJ \u0160KOLI ZRINSKIH NU\u0160TAR \u2013 EKO-RURAL4STEM je zavr\u0161en!\" \/>\n<meta property=\"og:url\" content=\"https:\/\/ekorural4stem.eu\/en\/odrzana-zavrsna-konferencija-projekta-jacanje-stem-vjestina-kroz-ekologiju-u-osnovnoj-skoli-zrinskih-nustar-eko-rural4stem\/\" \/>\n<meta property=\"og:site_name\" content=\"EKO-RURAL4STEM\" \/>\n<meta property=\"article:publisher\" content=\"https:\/\/www.facebook.com\/zrinus\" \/>\n<meta property=\"article:published_time\" content=\"2024-04-19T11:22:06+00:00\" \/>\n<meta property=\"article:modified_time\" content=\"2024-04-19T11:55:47+00:00\" \/>\n<meta property=\"og:image\" content=\"https:\/\/ekorural4stem.eu\/wp-content\/uploads\/2024\/04\/Naslovna_DSC_0058-scaled.jpg\" \/>\n\t<meta property=\"og:image:width\" content=\"2560\" \/>\n\t<meta property=\"og:image:height\" content=\"1717\" \/>\n\t<meta property=\"og:image:type\" content=\"image\/jpeg\" \/>\n<meta name=\"author\" content=\"admin\" \/>\n<meta name=\"twitter:card\" content=\"summary_large_image\" \/>\n<meta name=\"twitter:label1\" content=\"Written by\" \/>\n\t<meta name=\"twitter:data1\" content=\"admin\" \/>\n\t<meta name=\"twitter:label2\" content=\"Estimated reading time\" \/>\n\t<meta name=\"twitter:data2\" content=\"9 minutes\" \/>\n<script type=\"application\/ld+json\" class=\"yoast-schema-graph\">{\"@context\":\"https:\/\/schema.org\",\"@graph\":[{\"@type\":\"Article\",\"@id\":\"https:\/\/ekorural4stem.eu\/odrzana-zavrsna-konferencija-projekta-jacanje-stem-vjestina-kroz-ekologiju-u-osnovnoj-skoli-zrinskih-nustar-eko-rural4stem\/#article\",\"isPartOf\":{\"@id\":\"https:\/\/ekorural4stem.eu\/odrzana-zavrsna-konferencija-projekta-jacanje-stem-vjestina-kroz-ekologiju-u-osnovnoj-skoli-zrinskih-nustar-eko-rural4stem\/\"},\"author\":{\"name\":\"admin\",\"@id\":\"https:\/\/ekorural4stem.eu\/#\/schema\/person\/c3907b51f0f28007d3c73fc6c0960457\"},\"headline\":\"Odr\u017eana zavr\u0161na konferencija projekta Ja\u010danje STEM vje\u0161tina kroz ekologiju u Osnovnoj \u0161koli Zrinskih Nu\u0161tar (EKO-RURAL4STEM)\",\"datePublished\":\"2024-04-19T11:22:06+00:00\",\"dateModified\":\"2024-04-19T11:55:47+00:00\",\"mainEntityOfPage\":{\"@id\":\"https:\/\/ekorural4stem.eu\/odrzana-zavrsna-konferencija-projekta-jacanje-stem-vjestina-kroz-ekologiju-u-osnovnoj-skoli-zrinskih-nustar-eko-rural4stem\/\"},\"wordCount\":1110,\"publisher\":{\"@id\":\"https:\/\/ekorural4stem.eu\/#organization\"},\"articleSection\":[\"VIJESTI\"],\"inLanguage\":\"en-GB\"},{\"@type\":\"WebPage\",\"@id\":\"https:\/\/ekorural4stem.eu\/odrzana-zavrsna-konferencija-projekta-jacanje-stem-vjestina-kroz-ekologiju-u-osnovnoj-skoli-zrinskih-nustar-eko-rural4stem\/\",\"url\":\"https:\/\/ekorural4stem.eu\/odrzana-zavrsna-konferencija-projekta-jacanje-stem-vjestina-kroz-ekologiju-u-osnovnoj-skoli-zrinskih-nustar-eko-rural4stem\/\",\"name\":\"Odr\u017eana zavr\u0161na konferencija projekta Ja\u010danje STEM vje\u0161tina kroz ekologiju u Osnovnoj \u0161koli Zrinskih Nu\u0161tar (EKO-RURAL4STEM) - EKO-RURAL4STEM\",\"isPartOf\":{\"@id\":\"https:\/\/ekorural4stem.eu\/#website\"},\"datePublished\":\"2024-04-19T11:22:06+00:00\",\"dateModified\":\"2024-04-19T11:55:47+00:00\",\"description\":\"Na\u0161 2. promotivni film projekta JA\u010cANJE STEM VJE\u0160TINA KROZ EKOLOGIJU U OSNOVNOJ \u0160KOLI ZRINSKIH NU\u0160TAR \u2013 EKO-RURAL4STEM je zavr\u0161en!\",\"breadcrumb\":{\"@id\":\"https:\/\/ekorural4stem.eu\/odrzana-zavrsna-konferencija-projekta-jacanje-stem-vjestina-kroz-ekologiju-u-osnovnoj-skoli-zrinskih-nustar-eko-rural4stem\/#breadcrumb\"},\"inLanguage\":\"en-GB\",\"potentialAction\":[{\"@type\":\"ReadAction\",\"target\":[\"https:\/\/ekorural4stem.eu\/odrzana-zavrsna-konferencija-projekta-jacanje-stem-vjestina-kroz-ekologiju-u-osnovnoj-skoli-zrinskih-nustar-eko-rural4stem\/\"]}]},{\"@type\":\"BreadcrumbList\",\"@id\":\"https:\/\/ekorural4stem.eu\/odrzana-zavrsna-konferencija-projekta-jacanje-stem-vjestina-kroz-ekologiju-u-osnovnoj-skoli-zrinskih-nustar-eko-rural4stem\/#breadcrumb\",\"itemListElement\":[{\"@type\":\"ListItem\",\"position\":1,\"name\":\"Po\u010detna stranica\",\"item\":\"https:\/\/ekorural4stem.eu\/\"},{\"@type\":\"ListItem\",\"position\":2,\"name\":\"Odr\u017eana zavr\u0161na konferencija projekta Ja\u010danje STEM vje\u0161tina kroz ekologiju u Osnovnoj \u0161koli Zrinskih Nu\u0161tar (EKO-RURAL4STEM)\"}]},{\"@type\":\"WebSite\",\"@id\":\"https:\/\/ekorural4stem.eu\/#website\",\"url\":\"https:\/\/ekorural4stem.eu\/\",\"name\":\"EKO-RURAL4STEM\",\"description\":\"\",\"publisher\":{\"@id\":\"https:\/\/ekorural4stem.eu\/#organization\"},\"potentialAction\":[{\"@type\":\"SearchAction\",\"target\":{\"@type\":\"EntryPoint\",\"urlTemplate\":\"https:\/\/ekorural4stem.eu\/?s={search_term_string}\"},\"query-input\":\"required name=search_term_string\"}],\"inLanguage\":\"en-GB\"},{\"@type\":\"Organization\",\"@id\":\"https:\/\/ekorural4stem.eu\/#organization\",\"name\":\"EKO-RURAL4STEM\",\"url\":\"https:\/\/ekorural4stem.eu\/\",\"logo\":{\"@type\":\"ImageObject\",\"inLanguage\":\"en-GB\",\"@id\":\"https:\/\/ekorural4stem.eu\/#\/schema\/logo\/image\/\",\"url\":\"https:\/\/ekorural4stem.eu\/wp-content\/uploads\/2022\/12\/logo-EKO-curve-scaled.jpg\",\"contentUrl\":\"https:\/\/ekorural4stem.eu\/wp-content\/uploads\/2022\/12\/logo-EKO-curve-scaled.jpg\",\"width\":2560,\"height\":1383,\"caption\":\"EKO-RURAL4STEM\"},\"image\":{\"@id\":\"https:\/\/ekorural4stem.eu\/#\/schema\/logo\/image\/\"},\"sameAs\":[\"https:\/\/www.facebook.com\/zrinus\"]},{\"@type\":\"Person\",\"@id\":\"https:\/\/ekorural4stem.eu\/#\/schema\/person\/c3907b51f0f28007d3c73fc6c0960457\",\"name\":\"admin\",\"image\":{\"@type\":\"ImageObject\",\"inLanguage\":\"en-GB\",\"@id\":\"https:\/\/ekorural4stem.eu\/#\/schema\/person\/image\/\",\"url\":\"https:\/\/secure.gravatar.com\/avatar\/e228ef165790dde8286d6eb3b75745d1ea2bc20e07d0ddf12f21381adb5cf2cd?s=96&d=mm&r=g\",\"contentUrl\":\"https:\/\/secure.gravatar.com\/avatar\/e228ef165790dde8286d6eb3b75745d1ea2bc20e07d0ddf12f21381adb5cf2cd?s=96&d=mm&r=g\",\"caption\":\"admin\"},\"sameAs\":[\"https:\/\/ekorural4stem.eu\"],\"url\":\"https:\/\/ekorural4stem.eu\/en\/author\/admin\/\"}]}<\/script>\n<!-- \/ Yoast SEO plugin. -->","yoast_head_json":{"title":"Odr\u017eana zavr\u0161na konferencija projekta Ja\u010danje STEM vje\u0161tina kroz ekologiju u Osnovnoj \u0161koli Zrinskih Nu\u0161tar (EKO-RURAL4STEM) - EKO-RURAL4STEM","description":"Na\u0161 2. promotivni film projekta JA\u010cANJE STEM VJE\u0160TINA KROZ EKOLOGIJU U OSNOVNOJ \u0160KOLI ZRINSKIH NU\u0160TAR \u2013 EKO-RURAL4STEM je zavr\u0161en!","robots":{"index":"index","follow":"follow","max-snippet":"max-snippet:-1","max-image-preview":"max-image-preview:large","max-video-preview":"max-video-preview:-1"},"canonical":"https:\/\/ekorural4stem.eu\/en\/odrzana-zavrsna-konferencija-projekta-jacanje-stem-vjestina-kroz-ekologiju-u-osnovnoj-skoli-zrinskih-nustar-eko-rural4stem\/","og_locale":"en_GB","og_type":"article","og_title":"Odr\u017eana zavr\u0161na konferencija projekta Ja\u010danje STEM vje\u0161tina kroz ekologiju u Osnovnoj \u0161koli Zrinskih Nu\u0161tar (EKO-RURAL4STEM) - EKO-RURAL4STEM","og_description":"Na\u0161 2. promotivni film projekta JA\u010cANJE STEM VJE\u0160TINA KROZ EKOLOGIJU U OSNOVNOJ \u0160KOLI ZRINSKIH NU\u0160TAR \u2013 EKO-RURAL4STEM je zavr\u0161en!","og_url":"https:\/\/ekorural4stem.eu\/en\/odrzana-zavrsna-konferencija-projekta-jacanje-stem-vjestina-kroz-ekologiju-u-osnovnoj-skoli-zrinskih-nustar-eko-rural4stem\/","og_site_name":"EKO-RURAL4STEM","article_publisher":"https:\/\/www.facebook.com\/zrinus","article_published_time":"2024-04-19T11:22:06+00:00","article_modified_time":"2024-04-19T11:55:47+00:00","og_image":[{"width":2560,"height":1717,"url":"https:\/\/ekorural4stem.eu\/wp-content\/uploads\/2024\/04\/Naslovna_DSC_0058-scaled.jpg","type":"image\/jpeg"}],"author":"admin","twitter_card":"summary_large_image","twitter_misc":{"Written by":"admin","Estimated reading time":"9 minutes"},"schema":{"@context":"https:\/\/schema.org","@graph":[{"@type":"Article","@id":"https:\/\/ekorural4stem.eu\/odrzana-zavrsna-konferencija-projekta-jacanje-stem-vjestina-kroz-ekologiju-u-osnovnoj-skoli-zrinskih-nustar-eko-rural4stem\/#article","isPartOf":{"@id":"https:\/\/ekorural4stem.eu\/odrzana-zavrsna-konferencija-projekta-jacanje-stem-vjestina-kroz-ekologiju-u-osnovnoj-skoli-zrinskih-nustar-eko-rural4stem\/"},"author":{"name":"admin","@id":"https:\/\/ekorural4stem.eu\/#\/schema\/person\/c3907b51f0f28007d3c73fc6c0960457"},"headline":"Odr\u017eana zavr\u0161na konferencija projekta Ja\u010danje STEM vje\u0161tina kroz ekologiju u Osnovnoj \u0161koli Zrinskih Nu\u0161tar (EKO-RURAL4STEM)","datePublished":"2024-04-19T11:22:06+00:00","dateModified":"2024-04-19T11:55:47+00:00","mainEntityOfPage":{"@id":"https:\/\/ekorural4stem.eu\/odrzana-zavrsna-konferencija-projekta-jacanje-stem-vjestina-kroz-ekologiju-u-osnovnoj-skoli-zrinskih-nustar-eko-rural4stem\/"},"wordCount":1110,"publisher":{"@id":"https:\/\/ekorural4stem.eu\/#organization"},"articleSection":["VIJESTI"],"inLanguage":"en-GB"},{"@type":"WebPage","@id":"https:\/\/ekorural4stem.eu\/odrzana-zavrsna-konferencija-projekta-jacanje-stem-vjestina-kroz-ekologiju-u-osnovnoj-skoli-zrinskih-nustar-eko-rural4stem\/","url":"https:\/\/ekorural4stem.eu\/odrzana-zavrsna-konferencija-projekta-jacanje-stem-vjestina-kroz-ekologiju-u-osnovnoj-skoli-zrinskih-nustar-eko-rural4stem\/","name":"Odr\u017eana zavr\u0161na konferencija projekta Ja\u010danje STEM vje\u0161tina kroz ekologiju u Osnovnoj \u0161koli Zrinskih Nu\u0161tar (EKO-RURAL4STEM) - EKO-RURAL4STEM","isPartOf":{"@id":"https:\/\/ekorural4stem.eu\/#website"},"datePublished":"2024-04-19T11:22:06+00:00","dateModified":"2024-04-19T11:55:47+00:00","description":"Na\u0161 2. promotivni film projekta JA\u010cANJE STEM VJE\u0160TINA KROZ EKOLOGIJU U OSNOVNOJ \u0160KOLI ZRINSKIH NU\u0160TAR \u2013 EKO-RURAL4STEM je zavr\u0161en!","breadcrumb":{"@id":"https:\/\/ekorural4stem.eu\/odrzana-zavrsna-konferencija-projekta-jacanje-stem-vjestina-kroz-ekologiju-u-osnovnoj-skoli-zrinskih-nustar-eko-rural4stem\/#breadcrumb"},"inLanguage":"en-GB","potentialAction":[{"@type":"ReadAction","target":["https:\/\/ekorural4stem.eu\/odrzana-zavrsna-konferencija-projekta-jacanje-stem-vjestina-kroz-ekologiju-u-osnovnoj-skoli-zrinskih-nustar-eko-rural4stem\/"]}]},{"@type":"BreadcrumbList","@id":"https:\/\/ekorural4stem.eu\/odrzana-zavrsna-konferencija-projekta-jacanje-stem-vjestina-kroz-ekologiju-u-osnovnoj-skoli-zrinskih-nustar-eko-rural4stem\/#breadcrumb","itemListElement":[{"@type":"ListItem","position":1,"name":"Po\u010detna stranica","item":"https:\/\/ekorural4stem.eu\/"},{"@type":"ListItem","position":2,"name":"Odr\u017eana zavr\u0161na konferencija projekta Ja\u010danje STEM vje\u0161tina kroz ekologiju u Osnovnoj \u0161koli Zrinskih Nu\u0161tar (EKO-RURAL4STEM)"}]},{"@type":"WebSite","@id":"https:\/\/ekorural4stem.eu\/#website","url":"https:\/\/ekorural4stem.eu\/","name":"EKO-RURAL4STEM","description":"","publisher":{"@id":"https:\/\/ekorural4stem.eu\/#organization"},"potentialAction":[{"@type":"SearchAction","target":{"@type":"EntryPoint","urlTemplate":"https:\/\/ekorural4stem.eu\/?s={search_term_string}"},"query-input":"required name=search_term_string"}],"inLanguage":"en-GB"},{"@type":"Organization","@id":"https:\/\/ekorural4stem.eu\/#organization","name":"EKO-RURAL4STEM","url":"https:\/\/ekorural4stem.eu\/","logo":{"@type":"ImageObject","inLanguage":"en-GB","@id":"https:\/\/ekorural4stem.eu\/#\/schema\/logo\/image\/","url":"https:\/\/ekorural4stem.eu\/wp-content\/uploads\/2022\/12\/logo-EKO-curve-scaled.jpg","contentUrl":"https:\/\/ekorural4stem.eu\/wp-content\/uploads\/2022\/12\/logo-EKO-curve-scaled.jpg","width":2560,"height":1383,"caption":"EKO-RURAL4STEM"},"image":{"@id":"https:\/\/ekorural4stem.eu\/#\/schema\/logo\/image\/"},"sameAs":["https:\/\/www.facebook.com\/zrinus"]},{"@type":"Person","@id":"https:\/\/ekorural4stem.eu\/#\/schema\/person\/c3907b51f0f28007d3c73fc6c0960457","name":"admin","image":{"@type":"ImageObject","inLanguage":"en-GB","@id":"https:\/\/ekorural4stem.eu\/#\/schema\/person\/image\/","url":"https:\/\/secure.gravatar.com\/avatar\/e228ef165790dde8286d6eb3b75745d1ea2bc20e07d0ddf12f21381adb5cf2cd?s=96&d=mm&r=g","contentUrl":"https:\/\/secure.gravatar.com\/avatar\/e228ef165790dde8286d6eb3b75745d1ea2bc20e07d0ddf12f21381adb5cf2cd?s=96&d=mm&r=g","caption":"admin"},"sameAs":["https:\/\/ekorural4stem.eu"],"url":"https:\/\/ekorural4stem.eu\/en\/author\/admin\/"}]}},"rttpg_featured_image_url":{"full":["https:\/\/ekorural4stem.eu\/wp-content\/uploads\/2024\/04\/Naslovna_DSC_0058-scaled.jpg",2560,1717,false],"landscape":["https:\/\/ekorural4stem.eu\/wp-content\/uploads\/2024\/04\/Naslovna_DSC_0058-scaled.jpg",2560,1717,false],"portraits":["https:\/\/ekorural4stem.eu\/wp-content\/uploads\/2024\/04\/Naslovna_DSC_0058-scaled.jpg",2560,1717,false],"thumbnail":["https:\/\/ekorural4stem.eu\/wp-content\/uploads\/2024\/04\/Naslovna_DSC_0058-150x150.jpg",150,150,true],"medium":["https:\/\/ekorural4stem.eu\/wp-content\/uploads\/2024\/04\/Naslovna_DSC_0058-300x201.jpg",300,201,true],"large":["https:\/\/ekorural4stem.eu\/wp-content\/uploads\/2024\/04\/Naslovna_DSC_0058-1024x687.jpg",800,537,true],"1536x1536":["https:\/\/ekorural4stem.eu\/wp-content\/uploads\/2024\/04\/Naslovna_DSC_0058-1536x1030.jpg",1536,1030,true],"2048x2048":["https:\/\/ekorural4stem.eu\/wp-content\/uploads\/2024\/04\/Naslovna_DSC_0058-2048x1374.jpg",2048,1374,true],"trp-custom-language-flag":["https:\/\/ekorural4stem.eu\/wp-content\/uploads\/2024\/04\/Naslovna_DSC_0058-18x12.jpg",18,12,true]},"rttpg_author":{"display_name":"admin","author_link":"https:\/\/ekorural4stem.eu\/en\/author\/admin\/"},"rttpg_comment":0,"rttpg_category":"<a href=\"https:\/\/ekorural4stem.eu\/en\/category\/vijesti\/\" rel=\"category tag\">VIJESTI<\/a>","rttpg_excerpt":"Odr\u017eana zavr\u0161na konferencija projekta Ja\u010danje STEM vje\u0161tina kroz ekologiju u Osnovnoj \u0161koli Zrinskih Nu\u0161tar (EKO-RURAL4STEM)","_links":{"self":[{"href":"https:\/\/ekorural4stem.eu\/en\/wp-json\/wp\/v2\/posts\/2431","targetHints":{"allow":["GET"]}}],"collection":[{"href":"https:\/\/ekorural4stem.eu\/en\/wp-json\/wp\/v2\/posts"}],"about":[{"href":"https:\/\/ekorural4stem.eu\/en\/wp-json\/wp\/v2\/types\/post"}],"author":[{"embeddable":true,"href":"https:\/\/ekorural4stem.eu\/en\/wp-json\/wp\/v2\/users\/1"}],"replies":[{"embeddable":true,"href":"https:\/\/ekorural4stem.eu\/en\/wp-json\/wp\/v2\/comments?post=2431"}],"version-history":[{"count":21,"href":"https:\/\/ekorural4stem.eu\/en\/wp-json\/wp\/v2\/posts\/2431\/revisions"}],"predecessor-version":[{"id":2457,"href":"https:\/\/ekorural4stem.eu\/en\/wp-json\/wp\/v2\/posts\/2431\/revisions\/2457"}],"wp:featuredmedia":[{"embeddable":true,"href":"https:\/\/ekorural4stem.eu\/en\/wp-json\/wp\/v2\/media\/2433"}],"wp:attachment":[{"href":"https:\/\/ekorural4stem.eu\/en\/wp-json\/wp\/v2\/media?parent=2431"}],"wp:term":[{"taxonomy":"category","embeddable":true,"href":"https:\/\/ekorural4stem.eu\/en\/wp-json\/wp\/v2\/categories?post=2431"},{"taxonomy":"post_tag","embeddable":true,"href":"https:\/\/ekorural4stem.eu\/en\/wp-json\/wp\/v2\/tags?post=2431"}],"curies":[{"name":"wp","href":"https:\/\/api.w.org\/{rel}","templated":true}]}}